{"id":939,"date":"2018-01-12T09:08:16","date_gmt":"2018-01-12T08:08:16","guid":{"rendered":"https:\/\/www.fablab-sud31.fr\/?p=939"},"modified":"2018-01-12T09:08:16","modified_gmt":"2018-01-12T08:08:16","slug":"tarifs-dutilisation-des-machines-pour-les-non-membres","status":"publish","type":"post","link":"https:\/\/www.fablab-sud31.fr\/index.php\/post\/2018\/01\/12\/tarifs-dutilisation-des-machines-pour-les-non-membres","title":{"rendered":"Tarifs d&rsquo;utilisation des machines pour les non membres"},"content":{"rendered":"<p>Suite \u00e0 l&rsquo;assembl\u00e9e g\u00e9n\u00e9rale de l&rsquo;association ayant eu lieu hier, il a \u00e9t\u00e9 d\u00e9cid\u00e9 de permettre l&rsquo;acc\u00e8s aux machines aux personnes non membres de l&rsquo;association.<\/p>\n<p>Le cas d&rsquo;usage est le besoin ponctuel voire unique d&rsquo;utilisation d&rsquo;une machine, et pour lequel l&rsquo;adh\u00e9sion \u00e0 l&rsquo;association est inutile.<\/p>\n<p>Les tarifs d&rsquo;acc\u00e8s aux \u00e9quipements ont donc \u00e9t\u00e9 mis \u00e0 jour pour ce cas, et sont disponibles sur la page des <a href=\"https:\/\/www.fablab-sud31.fr\/index.php\/lequipement\">\u00e9quipements<\/a>.<\/p>\n","protected":false},"excerpt":{"rendered":"<p>Suite \u00e0 l&rsquo;assembl\u00e9e g\u00e9n\u00e9rale de l&rsquo;association ayant eu lieu hier, il a \u00e9t\u00e9 d\u00e9cid\u00e9 de permettre l&rsquo;acc\u00e8s aux machines aux personnes non membres de l&rsquo;association. Le cas d&rsquo;usage est le &hellip; <\/p>\n<p class=\"link-more\"><a href=\"https:\/\/www.fablab-sud31.fr\/index.php\/post\/2018\/01\/12\/tarifs-dutilisation-des-machines-pour-les-non-membres\" class=\"more-link\">Continuer la lecture<span class=\"screen-reader-text\"> de &laquo;&nbsp;Tarifs d&rsquo;utilisation des machines pour les non membres&nbsp;&raquo;<\/span><\/a><\/p>\n","protected":false},"author":1,"featured_media":0,"comment_status":"open","ping_status":"open","sticky":false,"template":"","format":"standard","meta":{"footnotes":""},"categories":[1],"tags":[],"class_list":["post-939","post","type-post","status-publish","format-standard","hentry","category-uncategorized"],"_links":{"self":[{"href":"https:\/\/www.fablab-sud31.fr\/index.php\/wp-json\/wp\/v2\/posts\/939","targetHints":{"allow":["GET"]}}],"collection":[{"href":"https:\/\/www.fablab-sud31.fr\/index.php\/wp-json\/wp\/v2\/posts"}],"about":[{"href":"https:\/\/www.fablab-sud31.fr\/index.php\/wp-json\/wp\/v2\/types\/post"}],"author":[{"embeddable":true,"href":"https:\/\/www.fablab-sud31.fr\/index.php\/wp-json\/wp\/v2\/users\/1"}],"replies":[{"embeddable":true,"href":"https:\/\/www.fablab-sud31.fr\/index.php\/wp-json\/wp\/v2\/comments?post=939"}],"version-history":[{"count":1,"href":"https:\/\/www.fablab-sud31.fr\/index.php\/wp-json\/wp\/v2\/posts\/939\/revisions"}],"predecessor-version":[{"id":940,"href":"https:\/\/www.fablab-sud31.fr\/index.php\/wp-json\/wp\/v2\/posts\/939\/revisions\/940"}],"wp:attachment":[{"href":"https:\/\/www.fablab-sud31.fr\/index.php\/wp-json\/wp\/v2\/media?parent=939"}],"wp:term":[{"taxonomy":"category","embeddable":true,"href":"https:\/\/www.fablab-sud31.fr\/index.php\/wp-json\/wp\/v2\/categories?post=939"},{"taxonomy":"post_tag","embeddable":true,"href":"https:\/\/www.fablab-sud31.fr\/index.php\/wp-json\/wp\/v2\/tags?post=939"}],"curies":[{"name":"wp","href":"https:\/\/api.w.org\/{rel}","templated":true}]}}