{"id":908,"date":"2017-12-24T07:22:34","date_gmt":"2017-12-24T06:22:34","guid":{"rendered":"https:\/\/www.fablab-sud31.fr\/?p=908"},"modified":"2017-12-24T07:22:34","modified_gmt":"2017-12-24T06:22:34","slug":"atelier-machine-a-coudre-avancee","status":"publish","type":"post","link":"https:\/\/www.fablab-sud31.fr\/index.php\/post\/2017\/12\/24\/atelier-machine-a-coudre-avancee","title":{"rendered":"Atelier machine \u00e0 coudre avanc\u00e9e"},"content":{"rendered":"<div>\n<p>Le samedi 13 janvier aura lieu \u00e0 partir de 14h30 un atelier d&rsquo;initiation \u00e0 la machine \u00e0 coudre. Au programme :<\/p>\n<ul>\n<li>Fabrication d&rsquo;un sarouel<\/li>\n<\/ul>\n<p><a href=\"https:\/\/www.fablab-sud31.fr\/wp-content\/uploads\/2017\/12\/atelier_couture_02.jpg\"><img loading=\"lazy\" decoding=\"async\" class=\"aligncenter size-large wp-image-906\" src=\"https:\/\/www.fablab-sud31.fr\/wp-content\/uploads\/2017\/12\/atelier_couture_02-1024x768.jpg\" alt=\"\" width=\"525\" height=\"394\" srcset=\"https:\/\/www.fablab-sud31.fr\/wp-content\/uploads\/2017\/12\/atelier_couture_02-1024x768.jpg 1024w, https:\/\/www.fablab-sud31.fr\/wp-content\/uploads\/2017\/12\/atelier_couture_02-300x225.jpg 300w, https:\/\/www.fablab-sud31.fr\/wp-content\/uploads\/2017\/12\/atelier_couture_02-768x576.jpg 768w\" sizes=\"auto, (max-width: 525px) 100vw, 525px\" \/><\/a><\/p>\n<p>Nota : les mat\u00e9riaux n\u00e9cessaires \u00e0 la fabrication du sarouel ne sont pas fournis, vous devrez apporter les votres. Vous aurez besoin de :<\/p>\n<ul>\n<li>Deux morceaux de tissu de 100cm x 150cm d&rsquo;une couleur<\/li>\n<li>Deux morceaux de tissu de 100cm x 150cm d&rsquo;une autre couleur<\/li>\n<li>Le fil de couture de la couleur du tissu<\/li>\n<li>Un \u00e9lastique pour la taille<\/li>\n<li>Du papier kraft pour le patron<\/li>\n<\/ul>\n<p>Le tissu du mod\u00e8le en photo est \u00e0 moins de 10 euros le m\u00e8tre chez\u00a0Au Fil du Tissu \u00e0 Portet-sur-Garonne<\/p>\n<p>Accessoirement, vous pouvez aussi amener :<\/p>\n<ul>\n<li>Une paire de ciseaux<\/li>\n<li>Des \u00e9pingles<\/li>\n<li>Un pantalon afin de v\u00e9rifier les mesures n\u00e9cessaires<\/li>\n<li>Une fermeture \u00e9clair de la couleur du tissu pour une tenue en place sans \u00e9lastique<\/li>\n<\/ul>\n<h1><strong>Conseil :\u00a0<\/strong><\/h1>\n<p>Si vous avez une machine \u00e0 coudre, n&rsquo;h\u00e9sitez pas \u00e0 la prendre avec vous.<\/p>\n<h1><strong>Pr\u00e9-requis :<\/strong><\/h1>\n<p>Connaitre l&rsquo;utilisation basique d&rsquo;une machine \u00e0 coudre.<\/p>\n<h1><strong>Informations importantes :<\/strong><\/h1>\n<ul>\n<li>Les participants n&rsquo;\u00e9tants pas membres du fablab devront s&rsquo;acquitter d&rsquo;un droit de participation de 5 euros, \u00e0 r\u00e9gler avant le d\u00e9but de l&rsquo;atelier.<\/li>\n<li>Le nombre de places est limit\u00e9 \u00e0 8 personnes<\/li>\n<li>L&rsquo;atelier aura lieu le samedi 13 janvier \u00e0 partir de 14h30 (compter entre 2 et 3 heures), et commencera \u00e0 l&rsquo;heure dite<\/li>\n<li>L&rsquo;atelier prendra place au local du fablab, situ\u00e9 au 10 rue de la R\u00e9publique, Cintegabelle (petite placette derri\u00e8re la Mairie)<\/li>\n<li>Les inscriptions sont ouvertes jusqu&rsquo;au 11 janvier au soir<\/li>\n<\/ul>\n<p>Pour vous inscrire, veuillez suivre le lien :\u00a0<a href=\"https:\/\/www.weezevent.com\/atelier-machine-a-coudre-avance\" class=\"external external_icon\" rel=\"nofollow\" target=\"_blank\">https:\/\/www.weezevent.com\/atelier-machine-a-coudre-avance<\/a><\/p>\n<p>Si vous devez annuler votre inscription, merci de le signaler rapidement \u00e0 l&rsquo;adresse email qui sera pr\u00e9sente dans la confirmation d&rsquo;inscription, cela permettra de lib\u00e9rer la place pour d&rsquo;autres.<\/p>\n<\/div>\n","protected":false},"excerpt":{"rendered":"<p>Le samedi 13 janvier aura lieu \u00e0 partir de 14h30 un atelier d&rsquo;initiation \u00e0 la machine \u00e0 coudre. Au programme : Fabrication d&rsquo;un sarouel Nota : les mat\u00e9riaux n\u00e9cessaires \u00e0 &hellip; <\/p>\n<p class=\"link-more\"><a href=\"https:\/\/www.fablab-sud31.fr\/index.php\/post\/2017\/12\/24\/atelier-machine-a-coudre-avancee\" class=\"more-link\">Continuer la lecture<span class=\"screen-reader-text\"> de &laquo;&nbsp;Atelier machine \u00e0 coudre avanc\u00e9e&nbsp;&raquo;<\/span><\/a><\/p>\n","protected":false},"author":1,"featured_media":0,"comment_status":"open","ping_status":"open","sticky":false,"template":"","format":"standard","meta":{"footnotes":""},"categories":[1],"tags":[],"class_list":["post-908","post","type-post","status-publish","format-standard","hentry","category-uncategorized"],"_links":{"self":[{"href":"https:\/\/www.fablab-sud31.fr\/index.php\/wp-json\/wp\/v2\/posts\/908","targetHints":{"allow":["GET"]}}],"collection":[{"href":"https:\/\/www.fablab-sud31.fr\/index.php\/wp-json\/wp\/v2\/posts"}],"about":[{"href":"https:\/\/www.fablab-sud31.fr\/index.php\/wp-json\/wp\/v2\/types\/post"}],"author":[{"embeddable":true,"href":"https:\/\/www.fablab-sud31.fr\/index.php\/wp-json\/wp\/v2\/users\/1"}],"replies":[{"embeddable":true,"href":"https:\/\/www.fablab-sud31.fr\/index.php\/wp-json\/wp\/v2\/comments?post=908"}],"version-history":[{"count":2,"href":"https:\/\/www.fablab-sud31.fr\/index.php\/wp-json\/wp\/v2\/posts\/908\/revisions"}],"predecessor-version":[{"id":912,"href":"https:\/\/www.fablab-sud31.fr\/index.php\/wp-json\/wp\/v2\/posts\/908\/revisions\/912"}],"wp:attachment":[{"href":"https:\/\/www.fablab-sud31.fr\/index.php\/wp-json\/wp\/v2\/media?parent=908"}],"wp:term":[{"taxonomy":"category","embeddable":true,"href":"https:\/\/www.fablab-sud31.fr\/index.php\/wp-json\/wp\/v2\/categories?post=908"},{"taxonomy":"post_tag","embeddable":true,"href":"https:\/\/www.fablab-sud31.fr\/index.php\/wp-json\/wp\/v2\/tags?post=908"}],"curies":[{"name":"wp","href":"https:\/\/api.w.org\/{rel}","templated":true}]}}