{"id":836,"date":"2017-10-28T14:26:34","date_gmt":"2017-10-28T12:26:34","guid":{"rendered":"https:\/\/www.fablab-sud31.fr\/?p=836"},"modified":"2017-10-28T14:26:34","modified_gmt":"2017-10-28T12:26:34","slug":"ajout-dun-nouvel-equipement-imprimante-3d-ultimaker-2","status":"publish","type":"post","link":"https:\/\/www.fablab-sud31.fr\/index.php\/post\/2017\/10\/28\/ajout-dun-nouvel-equipement-imprimante-3d-ultimaker-2","title":{"rendered":"Ajout d&rsquo;un nouvel \u00e9quipement : imprimante 3D Ultimaker 2+"},"content":{"rendered":"<p>Une nouvelle machine vient de faire son entr\u00e9e au fablab. Il\u00a0s&rsquo;agit de l&rsquo;Ultimaker 2+, une nouvelle imprimante 3D venant en soutien \u00e0 celle d\u00e9j\u00e0 pr\u00e9sente.<\/p>\n<figure id=\"attachment_838\" aria-describedby=\"caption-attachment-838\" style=\"width: 525px\" class=\"wp-caption aligncenter\"><a href=\"https:\/\/www.fablab-sud31.fr\/wp-content\/uploads\/2017\/10\/ultimaker_2p.jpg\"><img loading=\"lazy\" decoding=\"async\" class=\"size-large wp-image-838\" src=\"https:\/\/www.fablab-sud31.fr\/wp-content\/uploads\/2017\/10\/ultimaker_2p-1024x768.jpg\" alt=\"Ultimaker 2+\" width=\"525\" height=\"394\" srcset=\"https:\/\/www.fablab-sud31.fr\/wp-content\/uploads\/2017\/10\/ultimaker_2p-1024x768.jpg 1024w, https:\/\/www.fablab-sud31.fr\/wp-content\/uploads\/2017\/10\/ultimaker_2p-300x225.jpg 300w, https:\/\/www.fablab-sud31.fr\/wp-content\/uploads\/2017\/10\/ultimaker_2p-768x576.jpg 768w\" sizes=\"auto, (max-width: 525px) 100vw, 525px\" \/><\/a><figcaption id=\"caption-attachment-838\" class=\"wp-caption-text\">Ultimaker 2+<\/figcaption><\/figure>\n<p>Le manuel d&rsquo;utilisation de l&rsquo;imprimante est disponible depuis <a href=\"https:\/\/wiki.fablab-sud31.fr\/index.php\/Equipements#Imprimante_3D_Ultimaker_2.2B\" class=\"external external_icon\" rel=\"nofollow\" target=\"_blank\">le wiki<\/a>.<\/p>\n","protected":false},"excerpt":{"rendered":"<p>Une nouvelle machine vient de faire son entr\u00e9e au fablab. Il\u00a0s&rsquo;agit de l&rsquo;Ultimaker 2+, une nouvelle imprimante 3D venant en soutien \u00e0 celle d\u00e9j\u00e0 pr\u00e9sente. Le manuel d&rsquo;utilisation de l&rsquo;imprimante &hellip; <\/p>\n<p class=\"link-more\"><a href=\"https:\/\/www.fablab-sud31.fr\/index.php\/post\/2017\/10\/28\/ajout-dun-nouvel-equipement-imprimante-3d-ultimaker-2\" class=\"more-link\">Continuer la lecture<span class=\"screen-reader-text\"> de &laquo;&nbsp;Ajout d&rsquo;un nouvel \u00e9quipement : imprimante 3D Ultimaker 2+&nbsp;&raquo;<\/span><\/a><\/p>\n","protected":false},"author":1,"featured_media":0,"comment_status":"open","ping_status":"open","sticky":false,"template":"","format":"standard","meta":{"footnotes":""},"categories":[1],"tags":[],"class_list":["post-836","post","type-post","status-publish","format-standard","hentry","category-uncategorized"],"_links":{"self":[{"href":"https:\/\/www.fablab-sud31.fr\/index.php\/wp-json\/wp\/v2\/posts\/836","targetHints":{"allow":["GET"]}}],"collection":[{"href":"https:\/\/www.fablab-sud31.fr\/index.php\/wp-json\/wp\/v2\/posts"}],"about":[{"href":"https:\/\/www.fablab-sud31.fr\/index.php\/wp-json\/wp\/v2\/types\/post"}],"author":[{"embeddable":true,"href":"https:\/\/www.fablab-sud31.fr\/index.php\/wp-json\/wp\/v2\/users\/1"}],"replies":[{"embeddable":true,"href":"https:\/\/www.fablab-sud31.fr\/index.php\/wp-json\/wp\/v2\/comments?post=836"}],"version-history":[{"count":2,"href":"https:\/\/www.fablab-sud31.fr\/index.php\/wp-json\/wp\/v2\/posts\/836\/revisions"}],"predecessor-version":[{"id":842,"href":"https:\/\/www.fablab-sud31.fr\/index.php\/wp-json\/wp\/v2\/posts\/836\/revisions\/842"}],"wp:attachment":[{"href":"https:\/\/www.fablab-sud31.fr\/index.php\/wp-json\/wp\/v2\/media?parent=836"}],"wp:term":[{"taxonomy":"category","embeddable":true,"href":"https:\/\/www.fablab-sud31.fr\/index.php\/wp-json\/wp\/v2\/categories?post=836"},{"taxonomy":"post_tag","embeddable":true,"href":"https:\/\/www.fablab-sud31.fr\/index.php\/wp-json\/wp\/v2\/tags?post=836"}],"curies":[{"name":"wp","href":"https:\/\/api.w.org\/{rel}","templated":true}]}}