{"id":457,"date":"2017-01-23T21:14:03","date_gmt":"2017-01-23T20:14:03","guid":{"rendered":"https:\/\/www.fablab-sud31.fr\/wordpress\/?p=457"},"modified":"2023-05-13T23:16:35","modified_gmt":"2023-05-13T21:16:35","slug":"seance-initiation-machine-a-coudre","status":"publish","type":"post","link":"https:\/\/www.fablab-sud31.fr\/index.php\/post\/2017\/01\/23\/seance-initiation-machine-a-coudre","title":{"rendered":"S\u00e9ance initiation machine \u00e0 coudre"},"content":{"rendered":"<p>Le samedi 11 f\u00e9vrier aura lieu \u00e0 partir de 14h30 un atelier d&rsquo;initiation \u00e0 la machine \u00e0 coudre. Au programme :<\/p>\n<ul>\n<li>D\u00e9couverte de la machine \u00e0 coudre et de ses \u00e9l\u00e9ments<\/li>\n<li>Les points de base<\/li>\n<li>Fabrication d&rsquo;un petit sac<\/li>\n<\/ul>\n<p><em>Nota : les mat\u00e9riaux n\u00e9cessaires \u00e0 la fabrication du sac seront fournis. Si vous le souhaitez, vous pouvez amener les votre. Vous aurez besoin de :<\/em><\/p>\n<ul>\n<li><em>Un morceau de tissu de 50cm x 30cm<\/em><\/li>\n<li><em>Un morceau de tissu de 20cm x 33cm<\/em><\/li>\n<li><em>Un bout de cordon (ou lacet, ou laine torsad\u00e9e) de 60 cm \u00e0 100 cm<\/em><\/li>\n<\/ul>\n<p><a href=\"https:\/\/www.fablab-sud31.fr\/wp-content\/uploads\/2017\/07\/init_machine_coudre.jpg\"><img loading=\"lazy\" decoding=\"async\" class=\"size-large wp-image-459\" src=\"https:\/\/www.fablab-sud31.fr\/wp-content\/uploads\/2017\/07\/init_machine_coudre-1024x768.jpg\" alt=\"\" width=\"525\" height=\"394\" srcset=\"https:\/\/www.fablab-sud31.fr\/wp-content\/uploads\/2017\/07\/init_machine_coudre-1024x768.jpg 1024w, https:\/\/www.fablab-sud31.fr\/wp-content\/uploads\/2017\/07\/init_machine_coudre-300x225.jpg 300w, https:\/\/www.fablab-sud31.fr\/wp-content\/uploads\/2017\/07\/init_machine_coudre-768x576.jpg 768w, https:\/\/www.fablab-sud31.fr\/wp-content\/uploads\/2017\/07\/init_machine_coudre.jpg 2048w\" sizes=\"auto, (max-width: 525px) 100vw, 525px\" \/><\/a><\/p>\n<p><strong>Pr\u00e9-requis :<\/strong><\/p>\n<p>Aucun pr\u00e9-requis pour l&rsquo;atelier, \u00e0 part la curiosit\u00e9 et l&rsquo;envie de d\u00e9couvrir.<\/p>\n<p><strong>Informations importantes :<\/strong><\/p>\n<ul>\n<li>Les participants n&rsquo;\u00e9tants pas membres du fablab devront s&rsquo;acquitter d&rsquo;un droit de participation de 5 euros, \u00e0 r\u00e9gler avant le d\u00e9but de l&rsquo;atelier.<\/li>\n<li>Le nombre de places est limit\u00e9 \u00e0 8 personnes<\/li>\n<li>L&rsquo;atelier aura lieu le samedi 11 f\u00e9vrier \u00e0 partir de 14h30 (compter entre 2 et 3 heures), et commencera \u00e0 l&rsquo;heure dite<\/li>\n<li>L&rsquo;atelier prendra place au local du fablab, situ\u00e9 au 10 rue de la R\u00e9publique, Cintegabelle (petite placette derri\u00e8re la Mairie)<\/li>\n<li>Les inscriptions sont ouvertes jusqu&rsquo;au 08 f\u00e9vrier<\/li>\n<\/ul>\n<p>Pour vous inscrire, veuillez suivre le lien : (supprim\u00e9, obsol\u00e8te)<\/p>\n<p>Si vous devez annuler votre inscription, merci de le signaler rapidement \u00e0 l&rsquo;adresse email qui sera pr\u00e9sente dans la confirmation d&rsquo;inscription, cela permettra de lib\u00e9rer la place pour d&rsquo;autres.<\/p>\n","protected":false},"excerpt":{"rendered":"<p>Le samedi 11 f\u00e9vrier aura lieu \u00e0 partir de 14h30 un atelier d&rsquo;initiation \u00e0 la machine \u00e0 coudre. Au programme : D\u00e9couverte de la machine \u00e0 coudre et de ses &hellip; <\/p>\n<p class=\"link-more\"><a href=\"https:\/\/www.fablab-sud31.fr\/index.php\/post\/2017\/01\/23\/seance-initiation-machine-a-coudre\" class=\"more-link\">Continuer la lecture<span class=\"screen-reader-text\"> de &laquo;&nbsp;S\u00e9ance initiation machine \u00e0 coudre&nbsp;&raquo;<\/span><\/a><\/p>\n","protected":false},"author":1,"featured_media":0,"comment_status":"open","ping_status":"open","sticky":false,"template":"","format":"standard","meta":{"footnotes":""},"categories":[1],"tags":[],"class_list":["post-457","post","type-post","status-publish","format-standard","hentry","category-uncategorized"],"_links":{"self":[{"href":"https:\/\/www.fablab-sud31.fr\/index.php\/wp-json\/wp\/v2\/posts\/457","targetHints":{"allow":["GET"]}}],"collection":[{"href":"https:\/\/www.fablab-sud31.fr\/index.php\/wp-json\/wp\/v2\/posts"}],"about":[{"href":"https:\/\/www.fablab-sud31.fr\/index.php\/wp-json\/wp\/v2\/types\/post"}],"author":[{"embeddable":true,"href":"https:\/\/www.fablab-sud31.fr\/index.php\/wp-json\/wp\/v2\/users\/1"}],"replies":[{"embeddable":true,"href":"https:\/\/www.fablab-sud31.fr\/index.php\/wp-json\/wp\/v2\/comments?post=457"}],"version-history":[{"count":5,"href":"https:\/\/www.fablab-sud31.fr\/index.php\/wp-json\/wp\/v2\/posts\/457\/revisions"}],"predecessor-version":[{"id":1498,"href":"https:\/\/www.fablab-sud31.fr\/index.php\/wp-json\/wp\/v2\/posts\/457\/revisions\/1498"}],"wp:attachment":[{"href":"https:\/\/www.fablab-sud31.fr\/index.php\/wp-json\/wp\/v2\/media?parent=457"}],"wp:term":[{"taxonomy":"category","embeddable":true,"href":"https:\/\/www.fablab-sud31.fr\/index.php\/wp-json\/wp\/v2\/categories?post=457"},{"taxonomy":"post_tag","embeddable":true,"href":"https:\/\/www.fablab-sud31.fr\/index.php\/wp-json\/wp\/v2\/tags?post=457"}],"curies":[{"name":"wp","href":"https:\/\/api.w.org\/{rel}","templated":true}]}}