{"id":425,"date":"2016-05-01T20:40:04","date_gmt":"2016-05-01T18:40:04","guid":{"rendered":"https:\/\/www.fablab-sud31.fr\/wordpress\/?p=425"},"modified":"2018-01-26T10:48:02","modified_gmt":"2018-01-26T09:48:02","slug":"quelques-nouvelles-bonnes-nouvelles","status":"publish","type":"post","link":"https:\/\/www.fablab-sud31.fr\/index.php\/post\/2016\/05\/01\/quelques-nouvelles-bonnes-nouvelles","title":{"rendered":"Quelques nouvelles (bonnes) nouvelles"},"content":{"rendered":"<p>Apr\u00e8s la bonne nouvelle pr\u00e9c\u00e9dente (<a href=\"https:\/\/www.fablab-sud31.fr\/index.php\/post\/2016\/03\/26\/nous-demenageons\">rappel : nous d\u00e9m\u00e9nageons !<\/a>), voici la suite. Pour cette ann\u00e9e encore, la Mairie de Cintegabelle nous a accord\u00e9 une subvention (si vous nous lisez : grand merci !), qui s&rsquo;\u00e9l\u00e8ve \u00e0 3000 euros.<\/p>\n<p>Nous avions pr\u00e9vu d&rsquo;acheter avec cette subvention le mat\u00e9riel suivant :<\/p>\n<ul>\n<li>une fraiseuse num\u00e9rique,<\/li>\n<li>un ordinateur pour le contr\u00f4le de la fraiseuse num\u00e9rique,<\/li>\n<li>un analyseur logique pour le labo \u00e9lectronique,<\/li>\n<li>une d\u00e9coupeuse vynil (pour autocollants, flocage, etc.),<\/li>\n<li>une machine \u00e0 coudre,<\/li>\n<li>du mat\u00e9riel bureautique divers,<\/li>\n<li>de quoi meubler le coin \u00ab\u00a0salon\u00a0\u00bb du nouveau local (banquette, table basse, cafeti\u00e8re \/ th\u00e9i\u00e8re, etc.).<\/li>\n<\/ul>\n<p>Une bonne nouvelle n&rsquo;arrivant jamais seule (enfin, il parait), nous avons appris par la suite qu&rsquo;un g\u00e9n\u00e9reux donateur souhaitait offrir sa fraiseuse num\u00e9rique \u00e0 un fablab, et nous avait s\u00e9lectionn\u00e9 (photo ci-dessous). Cette machine sera donc disponible pour notre am\u00e9nagement dans le nouveau local.<\/p>\n<p><a href=\"https:\/\/www.fablab-sud31.fr\/wp-content\/uploads\/2017\/07\/CNC.jpg\"><img loading=\"lazy\" decoding=\"async\" class=\"alignnone size-large wp-image-426\" src=\"https:\/\/www.fablab-sud31.fr\/wp-content\/uploads\/2017\/07\/CNC-1024x768.jpg\" alt=\"\" width=\"525\" height=\"394\" srcset=\"https:\/\/www.fablab-sud31.fr\/wp-content\/uploads\/2017\/07\/CNC-1024x768.jpg 1024w, https:\/\/www.fablab-sud31.fr\/wp-content\/uploads\/2017\/07\/CNC-300x225.jpg 300w, https:\/\/www.fablab-sud31.fr\/wp-content\/uploads\/2017\/07\/CNC-768x576.jpg 768w\" sizes=\"auto, (max-width: 525px) 100vw, 525px\" \/><\/a><\/p>\n<p>Bien entendu, l&rsquo;\u00e9conomie sur l&rsquo;achat de la fraiseuse sera judicieusement utilis\u00e9e, nous n&rsquo;avons juste pas d\u00e9cid\u00e9 comment \ud83d\ude42<\/p>\n<p>Et rien \u00e0 voir, mais nous serons samedi 7 mai au <a title=\"FabLab Festival\" href=\"https:\/\/web.archive.org\/web\/20170719142317\/http:\/\/www.fablabfestival.fr:80\/\" hreflang=\"fr\">FabLab Festival<\/a> \u00e0 Toulouse, sur le stand de la <a title=\"FedLab\" href=\"http:\/\/fedlab.fr\/\" hreflang=\"fr\" class=\"external external_icon\" rel=\"nofollow\" target=\"_blank\">FedLab<\/a>. Viendez nous voir !<\/p>\n","protected":false},"excerpt":{"rendered":"<p>Apr\u00e8s la bonne nouvelle pr\u00e9c\u00e9dente (rappel : nous d\u00e9m\u00e9nageons !), voici la suite. Pour cette ann\u00e9e encore, la Mairie de Cintegabelle nous a accord\u00e9 une subvention (si vous nous lisez &hellip; <\/p>\n<p class=\"link-more\"><a href=\"https:\/\/www.fablab-sud31.fr\/index.php\/post\/2016\/05\/01\/quelques-nouvelles-bonnes-nouvelles\" class=\"more-link\">Continuer la lecture<span class=\"screen-reader-text\"> de &laquo;&nbsp;Quelques nouvelles (bonnes) nouvelles&nbsp;&raquo;<\/span><\/a><\/p>\n","protected":false},"author":1,"featured_media":0,"comment_status":"open","ping_status":"open","sticky":false,"template":"","format":"standard","meta":{"footnotes":""},"categories":[1],"tags":[],"class_list":["post-425","post","type-post","status-publish","format-standard","hentry","category-uncategorized"],"_links":{"self":[{"href":"https:\/\/www.fablab-sud31.fr\/index.php\/wp-json\/wp\/v2\/posts\/425","targetHints":{"allow":["GET"]}}],"collection":[{"href":"https:\/\/www.fablab-sud31.fr\/index.php\/wp-json\/wp\/v2\/posts"}],"about":[{"href":"https:\/\/www.fablab-sud31.fr\/index.php\/wp-json\/wp\/v2\/types\/post"}],"author":[{"embeddable":true,"href":"https:\/\/www.fablab-sud31.fr\/index.php\/wp-json\/wp\/v2\/users\/1"}],"replies":[{"embeddable":true,"href":"https:\/\/www.fablab-sud31.fr\/index.php\/wp-json\/wp\/v2\/comments?post=425"}],"version-history":[{"count":5,"href":"https:\/\/www.fablab-sud31.fr\/index.php\/wp-json\/wp\/v2\/posts\/425\/revisions"}],"predecessor-version":[{"id":957,"href":"https:\/\/www.fablab-sud31.fr\/index.php\/wp-json\/wp\/v2\/posts\/425\/revisions\/957"}],"wp:attachment":[{"href":"https:\/\/www.fablab-sud31.fr\/index.php\/wp-json\/wp\/v2\/media?parent=425"}],"wp:term":[{"taxonomy":"category","embeddable":true,"href":"https:\/\/www.fablab-sud31.fr\/index.php\/wp-json\/wp\/v2\/categories?post=425"},{"taxonomy":"post_tag","embeddable":true,"href":"https:\/\/www.fablab-sud31.fr\/index.php\/wp-json\/wp\/v2\/tags?post=425"}],"curies":[{"name":"wp","href":"https:\/\/api.w.org\/{rel}","templated":true}]}}