{"id":332,"date":"2014-11-26T19:13:41","date_gmt":"2014-11-26T18:13:41","guid":{"rendered":"https:\/\/www.fablab-sud31.fr\/wordpress\/?p=332"},"modified":"2022-01-26T10:35:57","modified_gmt":"2022-01-26T09:35:57","slug":"nouveautes-en-cours-et-a-venir","status":"publish","type":"post","link":"https:\/\/www.fablab-sud31.fr\/index.php\/post\/2014\/11\/26\/nouveautes-en-cours-et-a-venir","title":{"rendered":"Nouveaut\u00e9s en cours et \u00e0 venir"},"content":{"rendered":"<p>Quelques nouvelles du Fab Lab, en particulier de ce site web.<\/p>\n<p>Tout d&rsquo;abord, depuis l&rsquo;ouverture, ont \u00e9t\u00e9 r\u00e9alis\u00e9s en interne quelques micro-projets, \u00e0 ranger dans les cat\u00e9gories \u00ab\u00a0am\u00e9lioration de l&rsquo;imprimante 3D\u00a0\u00bb et \u00ab\u00a0tests semi-s\u00e9rieux\u00a0\u00bb. Il ne restait plus qu&rsquo;\u00e0 les mettre \u00e0 disposition de tout le monde, dans l&rsquo;esprit d&rsquo;ouverture qui caract\u00e9rise les Fab Labs.<\/p>\n<p>C&rsquo;est donc chose faite. Vous avez maintenant un nouvel \u00e9l\u00e9ment dans le menu en haut de la page, nomm\u00e9 \u00ab\u00a0Ressources\u00a0\u00bb. Pour le moment, il n&rsquo;y a qu&rsquo;un sous-menu pointant vers l&rsquo;ensemble des \u00e9l\u00e9ments r\u00e9alis\u00e9s en interne.<\/p>\n<p>Vous pouvez aussi y acc\u00e9der directement via le lien suivant\u00a0: <a title=\"Fichiers sources des r\u00e9alisations internes\" href=\"https:\/\/cloud.fablab-sud31.fr\/index.php\/s\/HNkFMSeoziLeQCb\" class=\"external external_icon\" rel=\"nofollow\" target=\"_blank\">Fichiers sources des r\u00e9alisations internes<\/a><\/p>\n<p><a href=\"https:\/\/www.fablab-sud31.fr\/wp-content\/uploads\/2017\/07\/exemple_stl.png\"><img loading=\"lazy\" decoding=\"async\" class=\"alignnone size-large wp-image-333\" src=\"https:\/\/www.fablab-sud31.fr\/wp-content\/uploads\/2017\/07\/exemple_stl-1024x884.png\" alt=\"\" width=\"525\" height=\"453\" srcset=\"https:\/\/www.fablab-sud31.fr\/wp-content\/uploads\/2017\/07\/exemple_stl-1024x884.png 1024w, https:\/\/www.fablab-sud31.fr\/wp-content\/uploads\/2017\/07\/exemple_stl-300x259.png 300w, https:\/\/www.fablab-sud31.fr\/wp-content\/uploads\/2017\/07\/exemple_stl-768x663.png 768w, https:\/\/www.fablab-sud31.fr\/wp-content\/uploads\/2017\/07\/exemple_stl.png 1388w\" sizes=\"auto, (max-width: 525px) 100vw, 525px\" \/><\/a><\/p>\n<p>S&rsquo;y ajoutera sous peu le lien vers un Wiki d\u00e9di\u00e9 aux projets plus \u00ab\u00a0s\u00e9rieux\u00a0\u00bb du Fab Lab, ainsi qu&rsquo;une page pr\u00e9sentant les logiciels utilis\u00e9s et utilisables pour ces projets.<\/p>\n<p><em>Stay tuned\u2026<\/em><\/p>\n<p><strong>Edit 28\/11\/14\u00a0: <\/strong>Le wiki est maintenant en place \u00e0 l&rsquo;adresse <a title=\"https:\/\/wiki.fablab-sud31.fr\/\" href=\"https:\/\/wiki.fablab-sud31.fr\/\" class=\"external external_icon\" rel=\"nofollow\" target=\"_blank\">https:\/\/wiki.fablab-sud31.fr\/<\/a><\/p>\n","protected":false},"excerpt":{"rendered":"<p>Quelques nouvelles du Fab Lab, en particulier de ce site web. Tout d&rsquo;abord, depuis l&rsquo;ouverture, ont \u00e9t\u00e9 r\u00e9alis\u00e9s en interne quelques micro-projets, \u00e0 ranger dans les cat\u00e9gories \u00ab\u00a0am\u00e9lioration de l&rsquo;imprimante &hellip; <\/p>\n<p class=\"link-more\"><a href=\"https:\/\/www.fablab-sud31.fr\/index.php\/post\/2014\/11\/26\/nouveautes-en-cours-et-a-venir\" class=\"more-link\">Continuer la lecture<span class=\"screen-reader-text\"> de &laquo;&nbsp;Nouveaut\u00e9s en cours et \u00e0 venir&nbsp;&raquo;<\/span><\/a><\/p>\n","protected":false},"author":1,"featured_media":0,"comment_status":"open","ping_status":"open","sticky":false,"template":"","format":"standard","meta":{"footnotes":""},"categories":[1],"tags":[],"class_list":["post-332","post","type-post","status-publish","format-standard","hentry","category-uncategorized"],"_links":{"self":[{"href":"https:\/\/www.fablab-sud31.fr\/index.php\/wp-json\/wp\/v2\/posts\/332","targetHints":{"allow":["GET"]}}],"collection":[{"href":"https:\/\/www.fablab-sud31.fr\/index.php\/wp-json\/wp\/v2\/posts"}],"about":[{"href":"https:\/\/www.fablab-sud31.fr\/index.php\/wp-json\/wp\/v2\/types\/post"}],"author":[{"embeddable":true,"href":"https:\/\/www.fablab-sud31.fr\/index.php\/wp-json\/wp\/v2\/users\/1"}],"replies":[{"embeddable":true,"href":"https:\/\/www.fablab-sud31.fr\/index.php\/wp-json\/wp\/v2\/comments?post=332"}],"version-history":[{"count":5,"href":"https:\/\/www.fablab-sud31.fr\/index.php\/wp-json\/wp\/v2\/posts\/332\/revisions"}],"predecessor-version":[{"id":1437,"href":"https:\/\/www.fablab-sud31.fr\/index.php\/wp-json\/wp\/v2\/posts\/332\/revisions\/1437"}],"wp:attachment":[{"href":"https:\/\/www.fablab-sud31.fr\/index.php\/wp-json\/wp\/v2\/media?parent=332"}],"wp:term":[{"taxonomy":"category","embeddable":true,"href":"https:\/\/www.fablab-sud31.fr\/index.php\/wp-json\/wp\/v2\/categories?post=332"},{"taxonomy":"post_tag","embeddable":true,"href":"https:\/\/www.fablab-sud31.fr\/index.php\/wp-json\/wp\/v2\/tags?post=332"}],"curies":[{"name":"wp","href":"https:\/\/api.w.org\/{rel}","templated":true}]}}