{"id":328,"date":"2014-10-24T19:11:50","date_gmt":"2014-10-24T17:11:50","guid":{"rendered":"https:\/\/www.fablab-sud31.fr\/wordpress\/?p=328"},"modified":"2017-07-03T19:12:10","modified_gmt":"2017-07-03T17:12:10","slug":"changement-horaires","status":"publish","type":"post","link":"https:\/\/www.fablab-sud31.fr\/index.php\/post\/2014\/10\/24\/changement-horaires","title":{"rendered":"Changement horaires"},"content":{"rendered":"<p>Pour information, \u00e0 partir du samedi 25 octobre, les horaires d&rsquo;ouverture seront l\u00e9g\u00e8rement r\u00e9duits, et seront donc\u00a0:<\/p>\n<ul>\n<li>Le mercredi de 19h30 \u00e0 21h00<\/li>\n<li>Le samedi de 14h00 \u00e0 18h00<\/li>\n<\/ul>\n","protected":false},"excerpt":{"rendered":"<p>Pour information, \u00e0 partir du samedi 25 octobre, les horaires d&rsquo;ouverture seront l\u00e9g\u00e8rement r\u00e9duits, et seront donc\u00a0: Le mercredi de 19h30 \u00e0 21h00 Le samedi de 14h00 \u00e0 18h00<\/p>\n","protected":false},"author":1,"featured_media":0,"comment_status":"open","ping_status":"open","sticky":false,"template":"","format":"standard","meta":{"footnotes":""},"categories":[1],"tags":[],"class_list":["post-328","post","type-post","status-publish","format-standard","hentry","category-uncategorized"],"_links":{"self":[{"href":"https:\/\/www.fablab-sud31.fr\/index.php\/wp-json\/wp\/v2\/posts\/328","targetHints":{"allow":["GET"]}}],"collection":[{"href":"https:\/\/www.fablab-sud31.fr\/index.php\/wp-json\/wp\/v2\/posts"}],"about":[{"href":"https:\/\/www.fablab-sud31.fr\/index.php\/wp-json\/wp\/v2\/types\/post"}],"author":[{"embeddable":true,"href":"https:\/\/www.fablab-sud31.fr\/index.php\/wp-json\/wp\/v2\/users\/1"}],"replies":[{"embeddable":true,"href":"https:\/\/www.fablab-sud31.fr\/index.php\/wp-json\/wp\/v2\/comments?post=328"}],"version-history":[{"count":1,"href":"https:\/\/www.fablab-sud31.fr\/index.php\/wp-json\/wp\/v2\/posts\/328\/revisions"}],"predecessor-version":[{"id":329,"href":"https:\/\/www.fablab-sud31.fr\/index.php\/wp-json\/wp\/v2\/posts\/328\/revisions\/329"}],"wp:attachment":[{"href":"https:\/\/www.fablab-sud31.fr\/index.php\/wp-json\/wp\/v2\/media?parent=328"}],"wp:term":[{"taxonomy":"category","embeddable":true,"href":"https:\/\/www.fablab-sud31.fr\/index.php\/wp-json\/wp\/v2\/categories?post=328"},{"taxonomy":"post_tag","embeddable":true,"href":"https:\/\/www.fablab-sud31.fr\/index.php\/wp-json\/wp\/v2\/tags?post=328"}],"curies":[{"name":"wp","href":"https:\/\/api.w.org\/{rel}","templated":true}]}}