{"id":315,"date":"2014-09-06T19:00:17","date_gmt":"2014-09-06T17:00:17","guid":{"rendered":"https:\/\/www.fablab-sud31.fr\/wordpress\/?p=315"},"modified":"2017-07-03T21:47:09","modified_gmt":"2017-07-03T19:47:09","slug":"retour-sur-le-forum-des-associations","status":"publish","type":"post","link":"https:\/\/www.fablab-sud31.fr\/index.php\/post\/2014\/09\/06\/retour-sur-le-forum-des-associations","title":{"rendered":"Retour sur le forum des associations"},"content":{"rendered":"<p>Le samedi 06 septembre, a eu lieu le forum des associations de Cintegabelle, o\u00f9 nous pr\u00e9sentions le Fab Lab, d&rsquo;o\u00f9 ce bref compte rendu.<\/p>\n<p>En r\u00e9sum\u00e9, il y a eu beaucoup de personnes intrigu\u00e9es par l&rsquo;imprimante 3D et le stylo 3D et d&rsquo;int\u00e9ressantes discussions. Le stand imprimante 3D a beaucoup attir\u00e9 petits et grand, tandis que le stand stylo 3D a eu un certain succ\u00e8s aupr\u00e8s des enfants, tous tent\u00e9s d&rsquo;\u00e9crire leur pr\u00e9nom en plastique color\u00e9.<\/p>\n<p>Quelques mauvaises surprises pendant la matin\u00e9e, auxquelles nous aurions d\u00fb penser avant, et que nous n&rsquo;oublierons pas pour la prochaine fois : plastique noir + soleil + cloche en Plexiglas ne font pas bon m\u00e9nage (sauf \u00e0 vouloir faire cuire un poulet) :<\/p>\n<ul>\n<li>Le support de rouleau a ramolli et s&rsquo;est donc vrill\u00e9 sous le poids du rouleau. Il va donc falloir l&rsquo;imprimer \u00e0 nouveau.<\/li>\n<li>Le filament de PLA s&rsquo;est dilat\u00e9 \u00e0 l&rsquo;entr\u00e9e de l&rsquo;extrudeur, et du coup s&rsquo;est bloqu\u00e9 durant l&rsquo;impression de la main d&rsquo;un des membres scann\u00e9e en 3D . Impression rat\u00e9e (plus de plastique), et grosses difficult\u00e9s pour extraire le filament de l&rsquo;imprimante. Pas de casse cependant, il a \u00e9t\u00e9 possible d&rsquo;imprimer des jetons par la suite, mais de mauvaise qualit\u00e9 : ils ne refroidissaient pas assez vite au soleil.<\/li>\n<\/ul>\n<p>Normalement, on aurait pu imprimer quelque chose comme \u00e7a :<\/p>\n<p><a href=\"https:\/\/www.fablab-sud31.fr\/wp-content\/uploads\/2017\/07\/theorie.png\"><img loading=\"lazy\" decoding=\"async\" class=\"alignnone size-large wp-image-320\" src=\"https:\/\/www.fablab-sud31.fr\/wp-content\/uploads\/2017\/07\/theorie-1024x838.png\" alt=\"\" width=\"525\" height=\"430\" srcset=\"https:\/\/www.fablab-sud31.fr\/wp-content\/uploads\/2017\/07\/theorie-1024x838.png 1024w, https:\/\/www.fablab-sud31.fr\/wp-content\/uploads\/2017\/07\/theorie-300x246.png 300w, https:\/\/www.fablab-sud31.fr\/wp-content\/uploads\/2017\/07\/theorie-768x629.png 768w, https:\/\/www.fablab-sud31.fr\/wp-content\/uploads\/2017\/07\/theorie.png 1642w\" sizes=\"auto, (max-width: 525px) 100vw, 525px\" \/><\/a><\/p>\n<p>Mais au final on a eu \u00e7a \ud83d\ude42<\/p>\n<p><a href=\"https:\/\/www.fablab-sud31.fr\/wp-content\/uploads\/2017\/07\/resultat.jpg\"><img loading=\"lazy\" decoding=\"async\" class=\"alignnone size-large wp-image-318\" src=\"https:\/\/www.fablab-sud31.fr\/wp-content\/uploads\/2017\/07\/resultat-1024x768.jpg\" alt=\"\" width=\"525\" height=\"394\" srcset=\"https:\/\/www.fablab-sud31.fr\/wp-content\/uploads\/2017\/07\/resultat-1024x768.jpg 1024w, https:\/\/www.fablab-sud31.fr\/wp-content\/uploads\/2017\/07\/resultat-300x225.jpg 300w, https:\/\/www.fablab-sud31.fr\/wp-content\/uploads\/2017\/07\/resultat-768x576.jpg 768w\" sizes=\"auto, (max-width: 525px) 100vw, 525px\" \/><\/a><\/p>\n<p>Sinon, quelques photos du stand (dans l&rsquo;ordre : \u00e9lectronique, imprimante 3D et stylo 3D) :<\/p>\n<div id='gallery-1' class='gallery galleryid-315 gallery-columns-3 gallery-size-thumbnail'><figure class='gallery-item'>\n\t\t\t<div class='gallery-icon landscape'>\n\t\t\t\t<a href='https:\/\/www.fablab-sud31.fr\/wp-content\/uploads\/2017\/07\/stylo_3d.jpg'><img loading=\"lazy\" decoding=\"async\" width=\"150\" height=\"150\" src=\"https:\/\/www.fablab-sud31.fr\/wp-content\/uploads\/2017\/07\/stylo_3d-150x150.jpg\" class=\"attachment-thumbnail size-thumbnail\" alt=\"\" srcset=\"https:\/\/www.fablab-sud31.fr\/wp-content\/uploads\/2017\/07\/stylo_3d-150x150.jpg 150w, https:\/\/www.fablab-sud31.fr\/wp-content\/uploads\/2017\/07\/stylo_3d-100x100.jpg 100w\" sizes=\"auto, 100vw\" \/><\/a>\n\t\t\t<\/div><\/figure><figure class='gallery-item'>\n\t\t\t<div class='gallery-icon landscape'>\n\t\t\t\t<a href='https:\/\/www.fablab-sud31.fr\/wp-content\/uploads\/2017\/07\/imprimante_3d.jpg'><img loading=\"lazy\" decoding=\"async\" width=\"150\" height=\"150\" src=\"https:\/\/www.fablab-sud31.fr\/wp-content\/uploads\/2017\/07\/imprimante_3d-150x150.jpg\" class=\"attachment-thumbnail size-thumbnail\" alt=\"\" srcset=\"https:\/\/www.fablab-sud31.fr\/wp-content\/uploads\/2017\/07\/imprimante_3d-150x150.jpg 150w, https:\/\/www.fablab-sud31.fr\/wp-content\/uploads\/2017\/07\/imprimante_3d-100x100.jpg 100w\" sizes=\"auto, 100vw\" \/><\/a>\n\t\t\t<\/div><\/figure><figure class='gallery-item'>\n\t\t\t<div class='gallery-icon landscape'>\n\t\t\t\t<a href='https:\/\/www.fablab-sud31.fr\/wp-content\/uploads\/2017\/07\/electronique.jpg'><img loading=\"lazy\" decoding=\"async\" width=\"150\" height=\"150\" src=\"https:\/\/www.fablab-sud31.fr\/wp-content\/uploads\/2017\/07\/electronique-150x150.jpg\" class=\"attachment-thumbnail size-thumbnail\" alt=\"\" srcset=\"https:\/\/www.fablab-sud31.fr\/wp-content\/uploads\/2017\/07\/electronique-150x150.jpg 150w, https:\/\/www.fablab-sud31.fr\/wp-content\/uploads\/2017\/07\/electronique-100x100.jpg 100w\" sizes=\"auto, 100vw\" \/><\/a>\n\t\t\t<\/div><\/figure>\n\t\t<\/div>\n\n<p>Et donc nous vous attendons pour l&rsquo;inauguration du samedi 20 septembre, \u00e0 partir de 14h00.<\/p>\n","protected":false},"excerpt":{"rendered":"<p>Le samedi 06 septembre, a eu lieu le forum des associations de Cintegabelle, o\u00f9 nous pr\u00e9sentions le Fab Lab, d&rsquo;o\u00f9 ce bref compte rendu. En r\u00e9sum\u00e9, il y a eu &hellip; <\/p>\n<p class=\"link-more\"><a href=\"https:\/\/www.fablab-sud31.fr\/index.php\/post\/2014\/09\/06\/retour-sur-le-forum-des-associations\" class=\"more-link\">Continuer la lecture<span class=\"screen-reader-text\"> de &laquo;&nbsp;Retour sur le forum des associations&nbsp;&raquo;<\/span><\/a><\/p>\n","protected":false},"author":1,"featured_media":0,"comment_status":"open","ping_status":"open","sticky":false,"template":"","format":"standard","meta":{"footnotes":""},"categories":[1],"tags":[],"class_list":["post-315","post","type-post","status-publish","format-standard","hentry","category-uncategorized"],"_links":{"self":[{"href":"https:\/\/www.fablab-sud31.fr\/index.php\/wp-json\/wp\/v2\/posts\/315","targetHints":{"allow":["GET"]}}],"collection":[{"href":"https:\/\/www.fablab-sud31.fr\/index.php\/wp-json\/wp\/v2\/posts"}],"about":[{"href":"https:\/\/www.fablab-sud31.fr\/index.php\/wp-json\/wp\/v2\/types\/post"}],"author":[{"embeddable":true,"href":"https:\/\/www.fablab-sud31.fr\/index.php\/wp-json\/wp\/v2\/users\/1"}],"replies":[{"embeddable":true,"href":"https:\/\/www.fablab-sud31.fr\/index.php\/wp-json\/wp\/v2\/comments?post=315"}],"version-history":[{"count":6,"href":"https:\/\/www.fablab-sud31.fr\/index.php\/wp-json\/wp\/v2\/posts\/315\/revisions"}],"predecessor-version":[{"id":576,"href":"https:\/\/www.fablab-sud31.fr\/index.php\/wp-json\/wp\/v2\/posts\/315\/revisions\/576"}],"wp:attachment":[{"href":"https:\/\/www.fablab-sud31.fr\/index.php\/wp-json\/wp\/v2\/media?parent=315"}],"wp:term":[{"taxonomy":"category","embeddable":true,"href":"https:\/\/www.fablab-sud31.fr\/index.php\/wp-json\/wp\/v2\/categories?post=315"},{"taxonomy":"post_tag","embeddable":true,"href":"https:\/\/www.fablab-sud31.fr\/index.php\/wp-json\/wp\/v2\/tags?post=315"}],"curies":[{"name":"wp","href":"https:\/\/api.w.org\/{rel}","templated":true}]}}