{"id":312,"date":"2014-08-30T18:58:07","date_gmt":"2014-08-30T16:58:07","guid":{"rendered":"https:\/\/www.fablab-sud31.fr\/wordpress\/?p=312"},"modified":"2019-03-24T06:59:56","modified_gmt":"2019-03-24T05:59:56","slug":"montage-de-l-imprimante-3d-jour-2","status":"publish","type":"post","link":"https:\/\/www.fablab-sud31.fr\/index.php\/post\/2014\/08\/30\/montage-de-l-imprimante-3d-jour-2","title":{"rendered":"Montage de l&rsquo;imprimante 3D &#8211; jour 2"},"content":{"rendered":"<p>Deuxi\u00e8me journ\u00e9e (du moins apr\u00e8s midi) de montage de l&rsquo;imprimante 3D. Et \u00e7a fonctionne\u00a0!<\/p>\n<p>Cette s\u00e9ance a \u00e9t\u00e9 occup\u00e9e \u00e0\u00a0:<\/p>\n<ul>\n<li>Changer la t\u00eate d&rsquo;impression, la pr\u00e9c\u00e9dente ayant fondue suite \u00e0 une erreur de manipulation,<\/li>\n<li>R\u00e9gler \u00e0 nouveau le plateau d&rsquo;impression,<\/li>\n<li>Trouver et corriger un court-circuit d\u00fb \u00e0 un serrage trop important d&rsquo;une vis sur la carte \u00e9lectronique,<\/li>\n<li>Imprimer un cube en PLA \u00e0 une vitesse normale (22 minutes pour un cube de 2cm x 2cm x 2 cm, avec des couches de 0,25mm d&rsquo;\u00e9paisseur et 20% de remplissage)\u00a0: OK<\/li>\n<li>Imprimer un cube en PLA \u00e0 une vitesse plus rapide (11 minutes pour le m\u00eame cube que pr\u00e9c\u00e9demment)\u00a0: presque OK, juste des soucis avec la deuxi\u00e8me couche d\u00fbs \u00e0 l&rsquo;acc\u00e9l\u00e9ration de la t\u00eate d&rsquo;impression. Ce sont des r\u00e9glages \u00e0 affiner, rien de bien difficile.<\/li>\n<li>Imprimer un jeton de caddie en PLA (4 ou 3 minutes selon la vitesse choisie, avec les m\u00eames probl\u00e8mes que le cube en vitesse rapide)<\/li>\n<li>\u00c9chouer lamentablement les impressions en ABS\u00a0: il va falloir qu&rsquo;on trouve les bons r\u00e9glages de temp\u00e9rature \u00e0 appliquer.<\/li>\n<\/ul>\n<p>Bref, l&rsquo;impression fonctionne quasiment comme pr\u00e9vu en PLA, l&rsquo;imprimante 3D est donc d\u00e9clar\u00e9e comme pleinement op\u00e9rationnelle \ud83d\ude42<\/p>\n<p><a href=\"https:\/\/www.fablab-sud31.fr\/wp-content\/uploads\/2017\/07\/resultat_impression.jpg\"><img loading=\"lazy\" decoding=\"async\" class=\"alignnone size-large wp-image-313\" src=\"https:\/\/www.fablab-sud31.fr\/wp-content\/uploads\/2017\/07\/resultat_impression-1024x768.jpg\" alt=\"\" width=\"525\" height=\"394\" srcset=\"https:\/\/www.fablab-sud31.fr\/wp-content\/uploads\/2017\/07\/resultat_impression-1024x768.jpg 1024w, https:\/\/www.fablab-sud31.fr\/wp-content\/uploads\/2017\/07\/resultat_impression-300x225.jpg 300w, https:\/\/www.fablab-sud31.fr\/wp-content\/uploads\/2017\/07\/resultat_impression-768x576.jpg 768w\" sizes=\"auto, (max-width: 525px) 100vw, 525px\" \/><\/a><\/p>\n","protected":false},"excerpt":{"rendered":"<p>Deuxi\u00e8me journ\u00e9e (du moins apr\u00e8s midi) de montage de l&rsquo;imprimante 3D. Et \u00e7a fonctionne\u00a0! Cette s\u00e9ance a \u00e9t\u00e9 occup\u00e9e \u00e0\u00a0: Changer la t\u00eate d&rsquo;impression, la pr\u00e9c\u00e9dente ayant fondue suite \u00e0 &hellip; <\/p>\n<p class=\"link-more\"><a href=\"https:\/\/www.fablab-sud31.fr\/index.php\/post\/2014\/08\/30\/montage-de-l-imprimante-3d-jour-2\" class=\"more-link\">Continuer la lecture<span class=\"screen-reader-text\"> de &laquo;&nbsp;Montage de l&rsquo;imprimante 3D &#8211; jour 2&nbsp;&raquo;<\/span><\/a><\/p>\n","protected":false},"author":1,"featured_media":0,"comment_status":"open","ping_status":"open","sticky":false,"template":"","format":"standard","meta":{"footnotes":""},"categories":[1],"tags":[],"class_list":["post-312","post","type-post","status-publish","format-standard","hentry","category-uncategorized"],"_links":{"self":[{"href":"https:\/\/www.fablab-sud31.fr\/index.php\/wp-json\/wp\/v2\/posts\/312","targetHints":{"allow":["GET"]}}],"collection":[{"href":"https:\/\/www.fablab-sud31.fr\/index.php\/wp-json\/wp\/v2\/posts"}],"about":[{"href":"https:\/\/www.fablab-sud31.fr\/index.php\/wp-json\/wp\/v2\/types\/post"}],"author":[{"embeddable":true,"href":"https:\/\/www.fablab-sud31.fr\/index.php\/wp-json\/wp\/v2\/users\/1"}],"replies":[{"embeddable":true,"href":"https:\/\/www.fablab-sud31.fr\/index.php\/wp-json\/wp\/v2\/comments?post=312"}],"version-history":[{"count":4,"href":"https:\/\/www.fablab-sud31.fr\/index.php\/wp-json\/wp\/v2\/posts\/312\/revisions"}],"predecessor-version":[{"id":1221,"href":"https:\/\/www.fablab-sud31.fr\/index.php\/wp-json\/wp\/v2\/posts\/312\/revisions\/1221"}],"wp:attachment":[{"href":"https:\/\/www.fablab-sud31.fr\/index.php\/wp-json\/wp\/v2\/media?parent=312"}],"wp:term":[{"taxonomy":"category","embeddable":true,"href":"https:\/\/www.fablab-sud31.fr\/index.php\/wp-json\/wp\/v2\/categories?post=312"},{"taxonomy":"post_tag","embeddable":true,"href":"https:\/\/www.fablab-sud31.fr\/index.php\/wp-json\/wp\/v2\/tags?post=312"}],"curies":[{"name":"wp","href":"https:\/\/api.w.org\/{rel}","templated":true}]}}