{"id":297,"date":"2014-08-13T18:46:11","date_gmt":"2014-08-13T16:46:11","guid":{"rendered":"https:\/\/www.fablab-sud31.fr\/wordpress\/?p=297"},"modified":"2017-07-03T21:44:20","modified_gmt":"2017-07-03T19:44:20","slug":"dernieres-nouvelles","status":"publish","type":"post","link":"https:\/\/www.fablab-sud31.fr\/index.php\/post\/2014\/08\/13\/dernieres-nouvelles","title":{"rendered":"Derni\u00e8res nouvelles"},"content":{"rendered":"<p>Voil\u00e0, depuis aujourd&rsquo;hui, nous avons les cl\u00e9s du local qui accueillera le Fab Lab. Il ne reste plus qu&rsquo;\u00e0 l&rsquo;am\u00e9nager correctement (tables, chaises et <a href=\"https:\/\/www.fablab-sud31.fr\/index.php\/lequipement\">machines<\/a>) pour l&rsquo;ouverture au public.<\/p>\n<p><a href=\"https:\/\/www.fablab-sud31.fr\/wp-content\/uploads\/2017\/07\/cles_local.jpg\"><img loading=\"lazy\" decoding=\"async\" class=\"alignnone size-large wp-image-298\" src=\"https:\/\/www.fablab-sud31.fr\/wp-content\/uploads\/2017\/07\/cles_local-1024x768.jpg\" alt=\"\" width=\"525\" height=\"394\" srcset=\"https:\/\/www.fablab-sud31.fr\/wp-content\/uploads\/2017\/07\/cles_local-1024x768.jpg 1024w, https:\/\/www.fablab-sud31.fr\/wp-content\/uploads\/2017\/07\/cles_local-300x225.jpg 300w, https:\/\/www.fablab-sud31.fr\/wp-content\/uploads\/2017\/07\/cles_local-768x576.jpg 768w\" sizes=\"auto, (max-width: 525px) 100vw, 525px\" \/><\/a><\/p>\n<p>En parlant de cette derni\u00e8re, elle n&rsquo;est pas encore d\u00e9finitivement d\u00e9cid\u00e9e, mais devrait avoir lieu normalement fin septembre. Vous trouverez plus d&rsquo;informations \u00e0 ce sujet sur la page d\u00e9di\u00e9e\u00a0: <a href=\"https:\/\/www.fablab-sud31.fr\/index.php\/ou-quand\">O\u00f9\u00a0? Quand ?<\/a><\/p>\n","protected":false},"excerpt":{"rendered":"<p>Voil\u00e0, depuis aujourd&rsquo;hui, nous avons les cl\u00e9s du local qui accueillera le Fab Lab. Il ne reste plus qu&rsquo;\u00e0 l&rsquo;am\u00e9nager correctement (tables, chaises et machines) pour l&rsquo;ouverture au public. En &hellip; <\/p>\n<p class=\"link-more\"><a href=\"https:\/\/www.fablab-sud31.fr\/index.php\/post\/2014\/08\/13\/dernieres-nouvelles\" class=\"more-link\">Continuer la lecture<span class=\"screen-reader-text\"> de &laquo;&nbsp;Derni\u00e8res nouvelles&nbsp;&raquo;<\/span><\/a><\/p>\n","protected":false},"author":1,"featured_media":0,"comment_status":"open","ping_status":"open","sticky":false,"template":"","format":"standard","meta":{"footnotes":""},"categories":[1],"tags":[],"class_list":["post-297","post","type-post","status-publish","format-standard","hentry","category-uncategorized"],"_links":{"self":[{"href":"https:\/\/www.fablab-sud31.fr\/index.php\/wp-json\/wp\/v2\/posts\/297","targetHints":{"allow":["GET"]}}],"collection":[{"href":"https:\/\/www.fablab-sud31.fr\/index.php\/wp-json\/wp\/v2\/posts"}],"about":[{"href":"https:\/\/www.fablab-sud31.fr\/index.php\/wp-json\/wp\/v2\/types\/post"}],"author":[{"embeddable":true,"href":"https:\/\/www.fablab-sud31.fr\/index.php\/wp-json\/wp\/v2\/users\/1"}],"replies":[{"embeddable":true,"href":"https:\/\/www.fablab-sud31.fr\/index.php\/wp-json\/wp\/v2\/comments?post=297"}],"version-history":[{"count":5,"href":"https:\/\/www.fablab-sud31.fr\/index.php\/wp-json\/wp\/v2\/posts\/297\/revisions"}],"predecessor-version":[{"id":559,"href":"https:\/\/www.fablab-sud31.fr\/index.php\/wp-json\/wp\/v2\/posts\/297\/revisions\/559"}],"wp:attachment":[{"href":"https:\/\/www.fablab-sud31.fr\/index.php\/wp-json\/wp\/v2\/media?parent=297"}],"wp:term":[{"taxonomy":"category","embeddable":true,"href":"https:\/\/www.fablab-sud31.fr\/index.php\/wp-json\/wp\/v2\/categories?post=297"},{"taxonomy":"post_tag","embeddable":true,"href":"https:\/\/www.fablab-sud31.fr\/index.php\/wp-json\/wp\/v2\/tags?post=297"}],"curies":[{"name":"wp","href":"https:\/\/api.w.org\/{rel}","templated":true}]}}