{"id":292,"date":"2014-07-10T18:42:56","date_gmt":"2014-07-10T16:42:56","guid":{"rendered":"https:\/\/www.fablab-sud31.fr\/wordpress\/?p=292"},"modified":"2017-07-03T18:43:36","modified_gmt":"2017-07-03T16:43:36","slug":"quelques-nouvelles-fraiches","status":"publish","type":"post","link":"https:\/\/www.fablab-sud31.fr\/index.php\/post\/2014\/07\/10\/quelques-nouvelles-fraiches","title":{"rendered":"Quelques nouvelles fraiches"},"content":{"rendered":"<p>Le mercredi 09 juillet a eu lieu une r\u00e9union du conseil d&rsquo;administration, d\u00e9di\u00e9e principalement \u00e0 la coordination de deux points principaux, \u00e0 savoir\u00a0:<\/p>\n<ul>\n<li>La recherche d&rsquo;un local<\/li>\n<li>La pr\u00e9paration de la pr\u00e9sentation du Fab Lab au public.<\/li>\n<\/ul>\n<p>Je vais passer sur les d\u00e9tails des discussions ayant eu lieu, mais voici ce que vous devez savoir\u00a0: tout d&rsquo;abord, nous avons de fortes probabilit\u00e9s d&rsquo;avoir un local disponible sur la commune de Cintegabelle. Celui-ci, accol\u00e9 \u00e0 la salle des f\u00eates, fait 12 m2 et correctement organis\u00e9 accueillera sans probl\u00e8me l&rsquo;imprimante 3D r\u00e9cemment achet\u00e9e (mais pas encore assembl\u00e9e). Certes, ce n&rsquo;est pas le plus grand local du monde, mais il nous permet de d\u00e9buter sereinement, rien n&#8217;emp\u00eachant de chercher une autre solution le jour o\u00f9 il se r\u00e9v\u00e8lera trop petit.<\/p>\n<p>Ensuite, vous pourrez nous rencontrer au forum des associations de Cintegabelle qui aura lieu le samedi 6 septembre matin. Nous vous y pr\u00e9senterons l&rsquo;association et ferons des d\u00e9monstrations de l&rsquo;imprimante 3D. Vous pourrez aussi adh\u00e9rer \u00e0 l&rsquo;association ce m\u00eame jour, pour une ouverture pr\u00e9vue d\u00e9but octobre si tout se passe bien.<\/p>\n<p>Dans tous les cas, restez \u00e0 l&rsquo;\u00e9coute \ud83d\ude42<\/p>\n","protected":false},"excerpt":{"rendered":"<p>Le mercredi 09 juillet a eu lieu une r\u00e9union du conseil d&rsquo;administration, d\u00e9di\u00e9e principalement \u00e0 la coordination de deux points principaux, \u00e0 savoir\u00a0: La recherche d&rsquo;un local La pr\u00e9paration de &hellip; <\/p>\n<p class=\"link-more\"><a href=\"https:\/\/www.fablab-sud31.fr\/index.php\/post\/2014\/07\/10\/quelques-nouvelles-fraiches\" class=\"more-link\">Continuer la lecture<span class=\"screen-reader-text\"> de &laquo;&nbsp;Quelques nouvelles fraiches&nbsp;&raquo;<\/span><\/a><\/p>\n","protected":false},"author":1,"featured_media":0,"comment_status":"open","ping_status":"open","sticky":false,"template":"","format":"standard","meta":{"footnotes":""},"categories":[1],"tags":[],"class_list":["post-292","post","type-post","status-publish","format-standard","hentry","category-uncategorized"],"_links":{"self":[{"href":"https:\/\/www.fablab-sud31.fr\/index.php\/wp-json\/wp\/v2\/posts\/292","targetHints":{"allow":["GET"]}}],"collection":[{"href":"https:\/\/www.fablab-sud31.fr\/index.php\/wp-json\/wp\/v2\/posts"}],"about":[{"href":"https:\/\/www.fablab-sud31.fr\/index.php\/wp-json\/wp\/v2\/types\/post"}],"author":[{"embeddable":true,"href":"https:\/\/www.fablab-sud31.fr\/index.php\/wp-json\/wp\/v2\/users\/1"}],"replies":[{"embeddable":true,"href":"https:\/\/www.fablab-sud31.fr\/index.php\/wp-json\/wp\/v2\/comments?post=292"}],"version-history":[{"count":1,"href":"https:\/\/www.fablab-sud31.fr\/index.php\/wp-json\/wp\/v2\/posts\/292\/revisions"}],"predecessor-version":[{"id":293,"href":"https:\/\/www.fablab-sud31.fr\/index.php\/wp-json\/wp\/v2\/posts\/292\/revisions\/293"}],"wp:attachment":[{"href":"https:\/\/www.fablab-sud31.fr\/index.php\/wp-json\/wp\/v2\/media?parent=292"}],"wp:term":[{"taxonomy":"category","embeddable":true,"href":"https:\/\/www.fablab-sud31.fr\/index.php\/wp-json\/wp\/v2\/categories?post=292"},{"taxonomy":"post_tag","embeddable":true,"href":"https:\/\/www.fablab-sud31.fr\/index.php\/wp-json\/wp\/v2\/tags?post=292"}],"curies":[{"name":"wp","href":"https:\/\/api.w.org\/{rel}","templated":true}]}}