{"id":284,"date":"2014-05-16T18:36:32","date_gmt":"2014-05-16T16:36:32","guid":{"rendered":"https:\/\/www.fablab-sud31.fr\/wordpress\/?p=284"},"modified":"2017-07-03T18:37:48","modified_gmt":"2017-07-03T16:37:48","slug":"compte-rendu-assemblee-constitutive","status":"publish","type":"post","link":"https:\/\/www.fablab-sud31.fr\/index.php\/post\/2014\/05\/16\/compte-rendu-assemblee-constitutive","title":{"rendered":"Assembl\u00e9e constitutive de l&rsquo;association : (bref) compte rendu"},"content":{"rendered":"<p>Le jeudi 15 mai a eu lieu l&rsquo;assembl\u00e9e constitutive de l&rsquo;association Fab Lab Sud31-Val d&rsquo;Ari\u00e8ge. Grande \u00e9tape dans la vie d&rsquo;une association puisqu&rsquo;elle acte la naissance de cette derni\u00e8re. Maintenant, comme toute naissance, il reste un tas de paperasse administrative \u00e0 traiter afin de l&rsquo;officialiser une bonne fois pour toutes.<\/p>\n<p>Je vais donc faire ci-dessous un r\u00e9sum\u00e9 succinct de cette assembl\u00e9e.<\/p>\n<h1>L&rsquo;assembl\u00e9e proprement dite<\/h1>\n<p>Rien de particulier \u00e0 dire sur cette assembl\u00e9e, \u00e0 part qu&rsquo;elle a dur\u00e9\u2026 tard \ud83d\ude42 En effet, il a \u00e9t\u00e9 n\u00e9cessaire de faire une lecture point par point des statuts (10 pages) et du r\u00e8glement int\u00e9rieur (12 pages) de l&rsquo;association, et de valider chacun des points avant d&rsquo;adopter ces documents n\u00e9cessaires.<\/p>\n<p>Ceci fait, il a \u00e9t\u00e9 proc\u00e9d\u00e9 au vote du conseil d&rsquo;administration de l&rsquo;association. Toutes les personnes pr\u00e9sentes, \u00e9galement membres fondateurs, ont \u00e9t\u00e9 \u00e9lues au CA, selon les postes suivants\u00a0:<\/p>\n<ul>\n<li>Pr\u00e9sident\u00a0: Arnaud B. (moi m\u00eame)<\/li>\n<li>Secr\u00e9taire\u00a0: Magali B.<\/li>\n<li>Tr\u00e9sorier\u00a0: Florian T.<\/li>\n<li>Administrateurs\u00a0: Fran\u00e7ois A., S\u00e9bastien D., Angel G., Patrick M., Francis M., Vincent T. et Lionel V.<\/li>\n<\/ul>\n<p>Enfin, il a \u00e9t\u00e9 d\u00e9cid\u00e9 de la constitution d&rsquo;une tr\u00e9sorerie initiale, aliment\u00e9e par une cotisation sp\u00e9ciale par les membres fondateurs, qui se monte \u00e0 1 100 \u20ac. Cette tr\u00e9sorerie initiale devrait permettre d&rsquo;acheter une imprimante 3D pour le Fab Lab, des consommables pour ladite imprimante, ainsi que les fournitures administratives n\u00e9cessaires et pourvoir \u00e0 un an de frais obligatoires (assurances, nom de domaine et frais bancaires).<\/p>\n<h1>\u00c0 venir<\/h1>\n<p>M\u00eame si cette r\u00e9union est termin\u00e9e, il reste encore pas mal de choses \u00e0 faire avant d&rsquo;ouvrir l&rsquo;association au public, avec (vaguement) dans l&rsquo;ordre\u00a0:<\/p>\n<ul>\n<li>Envoyer les papiers \u00e0 la pr\u00e9fecture et attendre la parution au Journal Officiel<\/li>\n<li>Ouvrir le compte en banque pour l&rsquo;association (obligatoirement apr\u00e8s le point pr\u00e9c\u00e9dent)<\/li>\n<li>Acheter l&rsquo;imprimante 3D et les consommables et fournitures (obligatoirement apr\u00e8s le point pr\u00e9c\u00e9dent)<\/li>\n<li>S&rsquo;occuper \u00e0 trouver un local, quitte \u00e0 fonctionner avec un local temporaire dans un premier temps<\/li>\n<li>Sabler le champagne et faire une premi\u00e8re r\u00e9union de pr\u00e9sentation au public \ud83d\ude42<\/li>\n<\/ul>\n<p>Dans tous les cas, une fois le premier point r\u00e9gl\u00e9, les documents n\u00e9cessaires seront diffus\u00e9s sur le site, \u00e0 savoir\u00a0:<\/p>\n<ul>\n<li>Statuts de l&rsquo;association<\/li>\n<li>R\u00e8glement int\u00e9rieur<\/li>\n<li>Extrait du Journal Officiel<\/li>\n<\/ul>\n<h1>Pour les moins observateurs d&rsquo;entre vous \ud83d\ude42<\/h1>\n<p>Au cas o\u00f9 vous ne l&rsquo;auriez pas encore remarqu\u00e9, il y a deux changements qui concernent le Fab Lab\u00a0:<\/p>\n<ol>\n<li>Un nouveau nom\u00a0: le \u00ab\u00a0Fab Lab Sud31\u00a0\u00bb est devenu le \u00ab\u00a0Fab Lab Sud31-Val d&rsquo;Ari\u00e8ge\u00a0\u00bb. Cet ajout au nom s&rsquo;explique par le fait que ce Fab Lab n&rsquo;est pas limit\u00e9 \u00e0 la Haute-Garonne, mais est aussi pr\u00e9sent dans la vall\u00e9e de l&rsquo;Ari\u00e8ge de mani\u00e8re plus g\u00e9n\u00e9rale (donc sur deux d\u00e9partements). Le choix de garder \u00ab\u00a0Sud31\u00a0\u00bb a \u00e9t\u00e9 motiv\u00e9 par le fait de ne pas avoir besoin de changer de nom de domaine et perdre tous les r\u00e9f\u00e9rencements, de m\u00eame pour les pages Facebook, Google+ et le flux Twitter.<\/li>\n<li>Un nouveau logo\u00a0: l&rsquo;ancien logo, qui \u00e9tait l\u00e0 de mani\u00e8re temporaire, \u00e9tait simplement celui de la \u00ab\u00a0marque\u00a0\u00bb Fab Lab. Le nouveau reprend la charte graphique du logo officiel, tout en y int\u00e9grant une croix occitane, embl\u00e8me de la r\u00e9gion Midi-Pyr\u00e9n\u00e9es (tant qu&rsquo;elle existe encore).<\/li>\n<\/ol>\n","protected":false},"excerpt":{"rendered":"<p>Le jeudi 15 mai a eu lieu l&rsquo;assembl\u00e9e constitutive de l&rsquo;association Fab Lab Sud31-Val d&rsquo;Ari\u00e8ge. Grande \u00e9tape dans la vie d&rsquo;une association puisqu&rsquo;elle acte la naissance de cette derni\u00e8re. Maintenant, &hellip; <\/p>\n<p class=\"link-more\"><a href=\"https:\/\/www.fablab-sud31.fr\/index.php\/post\/2014\/05\/16\/compte-rendu-assemblee-constitutive\" class=\"more-link\">Continuer la lecture<span class=\"screen-reader-text\"> de &laquo;&nbsp;Assembl\u00e9e constitutive de l&rsquo;association : (bref) compte rendu&nbsp;&raquo;<\/span><\/a><\/p>\n","protected":false},"author":1,"featured_media":0,"comment_status":"open","ping_status":"open","sticky":false,"template":"","format":"standard","meta":{"footnotes":""},"categories":[1],"tags":[],"class_list":["post-284","post","type-post","status-publish","format-standard","hentry","category-uncategorized"],"_links":{"self":[{"href":"https:\/\/www.fablab-sud31.fr\/index.php\/wp-json\/wp\/v2\/posts\/284","targetHints":{"allow":["GET"]}}],"collection":[{"href":"https:\/\/www.fablab-sud31.fr\/index.php\/wp-json\/wp\/v2\/posts"}],"about":[{"href":"https:\/\/www.fablab-sud31.fr\/index.php\/wp-json\/wp\/v2\/types\/post"}],"author":[{"embeddable":true,"href":"https:\/\/www.fablab-sud31.fr\/index.php\/wp-json\/wp\/v2\/users\/1"}],"replies":[{"embeddable":true,"href":"https:\/\/www.fablab-sud31.fr\/index.php\/wp-json\/wp\/v2\/comments?post=284"}],"version-history":[{"count":1,"href":"https:\/\/www.fablab-sud31.fr\/index.php\/wp-json\/wp\/v2\/posts\/284\/revisions"}],"predecessor-version":[{"id":285,"href":"https:\/\/www.fablab-sud31.fr\/index.php\/wp-json\/wp\/v2\/posts\/284\/revisions\/285"}],"wp:attachment":[{"href":"https:\/\/www.fablab-sud31.fr\/index.php\/wp-json\/wp\/v2\/media?parent=284"}],"wp:term":[{"taxonomy":"category","embeddable":true,"href":"https:\/\/www.fablab-sud31.fr\/index.php\/wp-json\/wp\/v2\/categories?post=284"},{"taxonomy":"post_tag","embeddable":true,"href":"https:\/\/www.fablab-sud31.fr\/index.php\/wp-json\/wp\/v2\/tags?post=284"}],"curies":[{"name":"wp","href":"https:\/\/api.w.org\/{rel}","templated":true}]}}