{"id":278,"date":"2014-02-15T18:32:17","date_gmt":"2014-02-15T17:32:17","guid":{"rendered":"https:\/\/www.fablab-sud31.fr\/wordpress\/?p=278"},"modified":"2017-07-03T22:09:59","modified_gmt":"2017-07-03T20:09:59","slug":"quelques-nouvelles","status":"publish","type":"post","link":"https:\/\/www.fablab-sud31.fr\/index.php\/post\/2014\/02\/15\/quelques-nouvelles","title":{"rendered":"Quelques nouvelles"},"content":{"rendered":"<p>Comme \u00e7a fait quelque temps que je n&rsquo;ai pas donn\u00e9 signe de vie, il est temps de me rattraper.<\/p>\n<p>Tout d&rsquo;abord, des nouvelles du recensement des personnes int\u00e9ress\u00e9es par l&rsquo;id\u00e9e du fab lab\u00a0: treize personnes (en me comptant, soyons honn\u00eates) se sont inscrites sur le site du sondage. C&rsquo;est au del\u00e0 du jalon que je m&rsquo;\u00e9tais pos\u00e9 pour continuer l&rsquo;aventure, jalon qui \u00e9tait de dix inscrits. Il reste encore un mois avant que je ferme le sondage, n&rsquo;h\u00e9sitez surtout pas \u00e0 faire circuler l&rsquo;info.<\/p>\n<p>Ensuite, j&rsquo;ai pass\u00e9 l&rsquo;apr\u00e8s-midi d&rsquo;aujourd&rsquo;hui avec (entre autres) Renaud de Mauvaisin, Laurent Guerby de <a href=\"http:\/\/tetaneutral.net\/\" class=\"external external_icon\" rel=\"nofollow\" target=\"_blank\">tetaneutral.net<\/a>et Peter Wollny de la <a href=\"http:\/\/www.sapie.coop\/\" class=\"external external_icon\" rel=\"nofollow\" target=\"_blank\">SCIC SAPIE<\/a>, sur le sujet de l&rsquo;acc\u00e8s Internet \u00e0 Mauvaisin. Petite digression au sujet de cet acc\u00e8s Internet\u00a0: l&rsquo;id\u00e9e est de fournir aux habitants de Mauvaisin un acc\u00e8s Internet par ondes radio. Une antenne les relie \u00e0 un point d&rsquo;acc\u00e8s central de Mauvaisin, et \u00e0 partir de l\u00e0 un <em>backbone<\/em> (lien principal) relie tout ce petit monde \u00e0 un point d&rsquo;acc\u00e8s \u00e0 Nailloux, pr\u00e9sent chez un habitant volontaire. \u00c0 partir de l\u00e0, le lien est fait sur le r\u00e9seau Internet via un abonnement ADSL\/VDSL classique (plus quelques \u00ab\u00a0subtilit\u00e9s\u00a0\u00bb pour que toutes les personnes sur le lien radio n&rsquo;aient pas la m\u00eame adresse IP).<\/p>\n<p>La premi\u00e8re partie de l&rsquo;apr\u00e8s-midi \u00e9tait donc la rencontre d&rsquo;un potentiel volontaire de Nailloux. Le but \u00e9tait de lui pr\u00e9senter les besoin de tetaneutral, mais aussi de savoir si son logement \u00e9tait en vue directe de Mauvaisin. Pour ce dernier point, le temps bretonnant et brumeux emp\u00eachait de voir quoi que ce soit.<\/p>\n<p>La deuxi\u00e8me partie de l&rsquo;apr\u00e8s-midi fut plus technique. Se d\u00e9roulant chez un habitant de Mauvaisin futur utilisateur de l&rsquo;acc\u00e8s radio, il s&rsquo;est agi d&rsquo;aborder le sujet du mat\u00e9riel utilis\u00e9 et de sa configuration. Technique, parfois \u00e0 la limite de mes comp\u00e9tences, mais tr\u00e8s instructif. \u00c0 ce sujet, l&rsquo;association est \u00e0 la recherche de volontaires pour les installations, donc ne pas h\u00e9siter \u00e0 les contacter.<\/p>\n","protected":false},"excerpt":{"rendered":"<p>Comme \u00e7a fait quelque temps que je n&rsquo;ai pas donn\u00e9 signe de vie, il est temps de me rattraper. Tout d&rsquo;abord, des nouvelles du recensement des personnes int\u00e9ress\u00e9es par l&rsquo;id\u00e9e &hellip; <\/p>\n<p class=\"link-more\"><a href=\"https:\/\/www.fablab-sud31.fr\/index.php\/post\/2014\/02\/15\/quelques-nouvelles\" class=\"more-link\">Continuer la lecture<span class=\"screen-reader-text\"> de &laquo;&nbsp;Quelques nouvelles&nbsp;&raquo;<\/span><\/a><\/p>\n","protected":false},"author":1,"featured_media":0,"comment_status":"open","ping_status":"open","sticky":false,"template":"","format":"standard","meta":{"footnotes":""},"categories":[1],"tags":[],"class_list":["post-278","post","type-post","status-publish","format-standard","hentry","category-uncategorized"],"_links":{"self":[{"href":"https:\/\/www.fablab-sud31.fr\/index.php\/wp-json\/wp\/v2\/posts\/278","targetHints":{"allow":["GET"]}}],"collection":[{"href":"https:\/\/www.fablab-sud31.fr\/index.php\/wp-json\/wp\/v2\/posts"}],"about":[{"href":"https:\/\/www.fablab-sud31.fr\/index.php\/wp-json\/wp\/v2\/types\/post"}],"author":[{"embeddable":true,"href":"https:\/\/www.fablab-sud31.fr\/index.php\/wp-json\/wp\/v2\/users\/1"}],"replies":[{"embeddable":true,"href":"https:\/\/www.fablab-sud31.fr\/index.php\/wp-json\/wp\/v2\/comments?post=278"}],"version-history":[{"count":2,"href":"https:\/\/www.fablab-sud31.fr\/index.php\/wp-json\/wp\/v2\/posts\/278\/revisions"}],"predecessor-version":[{"id":629,"href":"https:\/\/www.fablab-sud31.fr\/index.php\/wp-json\/wp\/v2\/posts\/278\/revisions\/629"}],"wp:attachment":[{"href":"https:\/\/www.fablab-sud31.fr\/index.php\/wp-json\/wp\/v2\/media?parent=278"}],"wp:term":[{"taxonomy":"category","embeddable":true,"href":"https:\/\/www.fablab-sud31.fr\/index.php\/wp-json\/wp\/v2\/categories?post=278"},{"taxonomy":"post_tag","embeddable":true,"href":"https:\/\/www.fablab-sud31.fr\/index.php\/wp-json\/wp\/v2\/tags?post=278"}],"curies":[{"name":"wp","href":"https:\/\/api.w.org\/{rel}","templated":true}]}}