{"id":269,"date":"2014-01-23T18:25:14","date_gmt":"2014-01-23T17:25:14","guid":{"rendered":"https:\/\/www.fablab-sud31.fr\/wordpress\/?p=269"},"modified":"2017-07-03T21:53:55","modified_gmt":"2017-07-03T19:53:55","slug":"appel-aux-bonnes-volontes","status":"publish","type":"post","link":"https:\/\/www.fablab-sud31.fr\/index.php\/post\/2014\/01\/23\/appel-aux-bonnes-volontes","title":{"rendered":"Appel aux bonnes volont\u00e9s"},"content":{"rendered":"<p>Bonjour \u00e0 tous.<\/p>\n<p>Si vous \u00eates ici, c&rsquo;est probablement parce que vous savez d\u00e9j\u00e0 que je suis dans l&rsquo;optique de monter un Fab Lab dans la r\u00e9gion d&rsquo;Auterive (en Haute-Garonne). Si ce n&rsquo;est pas le cas, vous pouvez jeter un \u0153il aux autres billets de ce site. Vous y trouverez sur place l&rsquo;historique de mes d\u00e9marches. Je vais quand m\u00eame faire un r\u00e9sum\u00e9 rapide de l\u00e0 o\u00f9 j&rsquo;en suis:<\/p>\n<ul>\n<li>Je suis actuellement tout seul \u00e0 porter le projet (ce n&rsquo;est pas une plainte, mais un constat).<\/li>\n<li>J&rsquo;ai d\u00e9march\u00e9 quasiment toutes les mairies de la Communaut\u00e9 de communes de la Vall\u00e9e de l&rsquo;Ari\u00e8ge, \u00e0 laquelle appartient Auterive, \u00e0 la recherche d&rsquo;un local, sans succ\u00e8s jusqu&rsquo;\u00e0 pr\u00e9sent.<\/li>\n<li>J&rsquo;ai fait la rencontre de Renaud de Mauvaisin, un des propri\u00e9taires du ch\u00e2teau de Mauvaisin, \u00e0 qui j&rsquo;ai pr\u00e9sent\u00e9 le projet, ce qui a suscit\u00e9 son int\u00e9r\u00eat. Il y a donc une possibilit\u00e9 d&rsquo;avoir un local \u00e0 terme.<\/li>\n<li>J&rsquo;ai \u00e9t\u00e9 pas mal pris par le travail ces derniers temps, et le projet n&rsquo;avance plus.<\/li>\n<\/ul>\n<p>Mais\u2026 Pour faire un Fab Lab, \u00eatre seul ne suffit pas. Il va falloir \u00eatre plusieurs, tant du point de vue de la gestion du Fab Lab (un noyau dur de l&rsquo;association) que de membres actifs pour faire vivre ce Fab Lab. C&rsquo;est pour \u00e7a que j&rsquo;ai besoin de vous. M\u00eame si nous n&rsquo;avons pas de locaux fixes, rien n&#8217;emp\u00eache de se rencontrer r\u00e9guli\u00e8rement pour parler de nos projets ou faire avancer le (futur) Fab Lab. De plus, \u00eatre plus nombreux nous donnera plus de poids pour l&rsquo;obtention d&rsquo;un local.<\/p>\n<p>Si vous \u00eates int\u00e9ress\u00e9 pour participer \u00e0 ce Fab Lab, j&rsquo;ai mis en ligne un formulaire qui vous permettra de vous inscrire. M\u00eame si vous n&rsquo;\u00eates pas int\u00e9ress\u00e9 mais connaissez des gens qui peuvent l&rsquo;\u00eatre, n&rsquo;h\u00e9sitez pas \u00e0 faire suivre le message.<\/p>\n<p>Vous pouvez aussi distribuer les documents suivants\u00a0:<\/p>\n<ul>\n<li>Affichette (format A5)\u00a0: <a href=\"https:\/\/www.fablab-sud31.fr\/wp-content\/uploads\/2017\/07\/affichette.pdf\">affichette.pdf<\/a><\/li>\n<li>Flyer (format A6)\u00a0: <a href=\"https:\/\/www.fablab-sud31.fr\/wp-content\/uploads\/2017\/07\/flyer.pdf\">flyer.pdf<\/a><\/li>\n<\/ul>\n<p>D&rsquo;un point de vue \u00ab\u00a0planning \u00bb, je pense laisser le sondage ouvert jusqu&rsquo;\u00e0 mi-mars environ, et en fonction du nombre de personnes ayant r\u00e9pondu, je verrai quelle suite donner au projet (et vous tiendrai bien entendu au courant).<\/p>\n<p>Et je vous promets, je ne revendrai pas vos adresses mails (de toute mani\u00e8re, \u00e7a ne rapporte plus rien).<\/p>\n","protected":false},"excerpt":{"rendered":"<p>Bonjour \u00e0 tous. Si vous \u00eates ici, c&rsquo;est probablement parce que vous savez d\u00e9j\u00e0 que je suis dans l&rsquo;optique de monter un Fab Lab dans la r\u00e9gion d&rsquo;Auterive (en Haute-Garonne). &hellip; <\/p>\n<p class=\"link-more\"><a href=\"https:\/\/www.fablab-sud31.fr\/index.php\/post\/2014\/01\/23\/appel-aux-bonnes-volontes\" class=\"more-link\">Continuer la lecture<span class=\"screen-reader-text\"> de &laquo;&nbsp;Appel aux bonnes volont\u00e9s&nbsp;&raquo;<\/span><\/a><\/p>\n","protected":false},"author":1,"featured_media":0,"comment_status":"open","ping_status":"open","sticky":false,"template":"","format":"standard","meta":{"footnotes":""},"categories":[1],"tags":[],"class_list":["post-269","post","type-post","status-publish","format-standard","hentry","category-uncategorized"],"_links":{"self":[{"href":"https:\/\/www.fablab-sud31.fr\/index.php\/wp-json\/wp\/v2\/posts\/269","targetHints":{"allow":["GET"]}}],"collection":[{"href":"https:\/\/www.fablab-sud31.fr\/index.php\/wp-json\/wp\/v2\/posts"}],"about":[{"href":"https:\/\/www.fablab-sud31.fr\/index.php\/wp-json\/wp\/v2\/types\/post"}],"author":[{"embeddable":true,"href":"https:\/\/www.fablab-sud31.fr\/index.php\/wp-json\/wp\/v2\/users\/1"}],"replies":[{"embeddable":true,"href":"https:\/\/www.fablab-sud31.fr\/index.php\/wp-json\/wp\/v2\/comments?post=269"}],"version-history":[{"count":4,"href":"https:\/\/www.fablab-sud31.fr\/index.php\/wp-json\/wp\/v2\/posts\/269\/revisions"}],"predecessor-version":[{"id":618,"href":"https:\/\/www.fablab-sud31.fr\/index.php\/wp-json\/wp\/v2\/posts\/269\/revisions\/618"}],"wp:attachment":[{"href":"https:\/\/www.fablab-sud31.fr\/index.php\/wp-json\/wp\/v2\/media?parent=269"}],"wp:term":[{"taxonomy":"category","embeddable":true,"href":"https:\/\/www.fablab-sud31.fr\/index.php\/wp-json\/wp\/v2\/categories?post=269"},{"taxonomy":"post_tag","embeddable":true,"href":"https:\/\/www.fablab-sud31.fr\/index.php\/wp-json\/wp\/v2\/tags?post=269"}],"curies":[{"name":"wp","href":"https:\/\/api.w.org\/{rel}","templated":true}]}}