{"id":266,"date":"2013-10-13T18:22:38","date_gmt":"2013-10-13T16:22:38","guid":{"rendered":"https:\/\/www.fablab-sud31.fr\/wordpress\/?p=266"},"modified":"2020-03-13T06:04:56","modified_gmt":"2020-03-13T05:04:56","slug":"passage-a-l-open-bidouille-camp-de-mauvaisin","status":"publish","type":"post","link":"https:\/\/www.fablab-sud31.fr\/index.php\/post\/2013\/10\/13\/passage-a-l-open-bidouille-camp-de-mauvaisin","title":{"rendered":"Passage \u00e0 l&rsquo;Open Bidouille Camp de Mauvaisin"},"content":{"rendered":"<p>Hier et aujourd&rsquo;hui avait lieu \u00e0 Mauvaisin un <a href=\"http:\/\/toulouse.demosphere.eu\/rv\/6607\" hreflang=\"fr\" class=\"external external_icon\" rel=\"nofollow\" target=\"_blank\">Open Bidouille Camp<\/a>, une foire aux savoirs partag\u00e9s d\u00e9di\u00e9e entre autres au <acronym title=\"Do It Yourself\">DIY<\/acronym>. Ce sujet \u00e9tant dans l&rsquo;optique d&rsquo;un Fab Lab, je me suis dit qu&rsquo;y faire un tour pourrait \u00eatre int\u00e9ressant. Et bien m&rsquo;en a pris.<\/p>\n<p><a href=\"https:\/\/www.fablab-sud31.fr\/wp-content\/uploads\/2017\/07\/mauvaisin.jpg\"><img loading=\"lazy\" decoding=\"async\" class=\"alignnone size-large wp-image-267\" src=\"https:\/\/www.fablab-sud31.fr\/wp-content\/uploads\/2017\/07\/mauvaisin-1024x768.jpg\" alt=\"\" width=\"525\" height=\"394\" srcset=\"https:\/\/www.fablab-sud31.fr\/wp-content\/uploads\/2017\/07\/mauvaisin-1024x768.jpg 1024w, https:\/\/www.fablab-sud31.fr\/wp-content\/uploads\/2017\/07\/mauvaisin-300x225.jpg 300w, https:\/\/www.fablab-sud31.fr\/wp-content\/uploads\/2017\/07\/mauvaisin-768x576.jpg 768w\" sizes=\"auto, (max-width: 525px) 100vw, 525px\" \/><\/a><\/p>\n<p>Il y avait entre autres un atelier \u00ab\u00a0acc\u00e9l\u00e9rateur de projets\u00a0\u00bb dans lequel ma femme m&rsquo;a aimablement lanc\u00e9 (sans trop me demander mon avis \ud83d\ude42 ). Le concept de cet atelier est qu&rsquo;un porteur de projet pr\u00e9sente ce dernier \u00e0 un public, et que par les \u00e9changes entre les diff\u00e9rents participants, des id\u00e9es \/ conseils \/ r\u00e9orientations puissent s&rsquo;en d\u00e9gager. La s\u00e9quence est g\u00e9n\u00e9ralement la suivante\u00a0:<\/p>\n<ul>\n<li>Le porteur de projet pr\u00e9sente son projet, et le r\u00e9sume (ou essaye de le r\u00e9sumer) en une question pr\u00e9cise (5 min)<\/li>\n<li>Le public pose des questions au porteur de projet pour avoir plus de pr\u00e9cisions sur certains points (5 min)<\/li>\n<li>Les membres du public \u00e9changent entre eux pour trouver des solutions \/ conseils, sans que le porteur de projet ne puisse intervenir, mais ce dernier prend des notes sur ce qui se dit pendant les \u00e9changes (20 \/ 30 min)<\/li>\n<li>Le porteur de projet synth\u00e9tise ses notes (2 min)<\/li>\n<li>Le porteur de projet fait un retour en fonction des notes prises et de leur synth\u00e8se. Ce retour peut confirmer l&rsquo;orientation initiale du projet, ou bien d\u00e9finir de nouvelles priorit\u00e9s ou de nouveaux objectifs (5 min)<\/li>\n<li>Un dernier \u00e9change a lieu pour avoir le ressenti des diff\u00e9rents intervenants, ou les axes d&rsquo;am\u00e9lioration du processus (5 min)<\/li>\n<li>Fin de l&rsquo;acc\u00e9l\u00e9ration de projet, discussions libres.<\/li>\n<\/ul>\n<p>Cette m\u00e9thode est pr\u00e9sent\u00e9e sur le site d&rsquo;Animacoop.<\/p>\n<p>Donc je me suis retrouv\u00e9 \u00e0 expliquer le projet devant une quinzaine d&rsquo;inconnus. Et cinq minutes, c&rsquo;est tr\u00e8s court pour pr\u00e9senter un projet. La phase d&rsquo;\u00e9change entre les membres du public m&rsquo;a tout de m\u00eame permis plusieurs choses\u00a0:<\/p>\n<ul>\n<li>J&rsquo;avais oubli\u00e9 certains points dans ma pr\u00e9sentation, que le public a abord\u00e9s de lui m\u00eame. \u00c7a m&rsquo;a permis de voir que ce que j&rsquo;avais commenc\u00e9 \u00e0 faire n&rsquo;\u00e9tait pas \u00e0 c\u00f4t\u00e9 de la plaque.<\/li>\n<li>Les \u00e9changes ont montr\u00e9 que certains point que j&rsquo;avais envisag\u00e9s mais sur lesquels je n&rsquo;avais pas vraiment travaill\u00e9 m\u00e9riteraient plus d&rsquo;attention \/ d&rsquo;effort de ma part.<\/li>\n<li>Surtout, ces \u00e9changes m&rsquo;ont fait comprendre qu&rsquo;il me faudrait revoir mes priorit\u00e9s.<\/li>\n<\/ul>\n<p>Jusqu&rsquo;\u00e0 pr\u00e9sent, j&rsquo;\u00e9tais parti dans l&rsquo;optique suivante\u00a0: trouver un local ou une possibilit\u00e9 de local, puis ceci fait, chercher des personnes int\u00e9ress\u00e9es et des financements. Les \u00e9changes m&rsquo;ont fait d\u00e9boucher sur des priorit\u00e9s diff\u00e9rentes\u00a0: d&rsquo;abord trouver des personnes int\u00e9ress\u00e9es, puis des financements. Et ces deux derniers points donneront du poids \u00e0 la recherche d&rsquo;un local. Il me faut donc commencer \u00e0 faire du bruit autour du projet et chercher de bonnes volont\u00e9s pour lancer le projet.<\/p>\n<p>Au fil des discussions, j&rsquo;en suis venu \u00e0 rencontrer une personne travaillant \u00e0 la <acronym>SCIC<\/acronym> <a href=\"http:\/\/scic.sapie.eu\/\" hreflang=\"fr\" class=\"external external_icon\" rel=\"nofollow\" target=\"_blank\">Sapie<\/a>, bas\u00e9e \u00e0 Limoux. Ils ont actuellement un projet de Fab Lab dans la ville de Limoux, mais aussi (et c&rsquo;est l\u00e0 que \u00e7a devient int\u00e9ressant) \u00e0 Mauvaisin m\u00eame. Comme Mauvaisin est dans la r\u00e9gion souhait\u00e9e pour le projet de Fab Lab, je dois rencontrer cette personne afin de discuter de l&rsquo;opportunit\u00e9 de fusionner les deux projets.<\/p>\n<p>Bref, pour une journ\u00e9e \u00e0 visiter l&rsquo;Open Bidouille Camp de Mauvaisin en curieux et passer par l&rsquo;acc\u00e9l\u00e9rateur de projets un peu par hasard, je consid\u00e8re que je suis tr\u00e8s loin d&rsquo;avoir perdu mon temps.<\/p>\n","protected":false},"excerpt":{"rendered":"<p>Hier et aujourd&rsquo;hui avait lieu \u00e0 Mauvaisin un Open Bidouille Camp, une foire aux savoirs partag\u00e9s d\u00e9di\u00e9e entre autres au DIY. Ce sujet \u00e9tant dans l&rsquo;optique d&rsquo;un Fab Lab, je &hellip; <\/p>\n<p class=\"link-more\"><a href=\"https:\/\/www.fablab-sud31.fr\/index.php\/post\/2013\/10\/13\/passage-a-l-open-bidouille-camp-de-mauvaisin\" class=\"more-link\">Continuer la lecture<span class=\"screen-reader-text\"> de &laquo;&nbsp;Passage \u00e0 l&rsquo;Open Bidouille Camp de Mauvaisin&nbsp;&raquo;<\/span><\/a><\/p>\n","protected":false},"author":1,"featured_media":0,"comment_status":"open","ping_status":"open","sticky":false,"template":"","format":"standard","meta":{"footnotes":""},"categories":[1],"tags":[],"class_list":["post-266","post","type-post","status-publish","format-standard","hentry","category-uncategorized"],"_links":{"self":[{"href":"https:\/\/www.fablab-sud31.fr\/index.php\/wp-json\/wp\/v2\/posts\/266","targetHints":{"allow":["GET"]}}],"collection":[{"href":"https:\/\/www.fablab-sud31.fr\/index.php\/wp-json\/wp\/v2\/posts"}],"about":[{"href":"https:\/\/www.fablab-sud31.fr\/index.php\/wp-json\/wp\/v2\/types\/post"}],"author":[{"embeddable":true,"href":"https:\/\/www.fablab-sud31.fr\/index.php\/wp-json\/wp\/v2\/users\/1"}],"replies":[{"embeddable":true,"href":"https:\/\/www.fablab-sud31.fr\/index.php\/wp-json\/wp\/v2\/comments?post=266"}],"version-history":[{"count":4,"href":"https:\/\/www.fablab-sud31.fr\/index.php\/wp-json\/wp\/v2\/posts\/266\/revisions"}],"predecessor-version":[{"id":1287,"href":"https:\/\/www.fablab-sud31.fr\/index.php\/wp-json\/wp\/v2\/posts\/266\/revisions\/1287"}],"wp:attachment":[{"href":"https:\/\/www.fablab-sud31.fr\/index.php\/wp-json\/wp\/v2\/media?parent=266"}],"wp:term":[{"taxonomy":"category","embeddable":true,"href":"https:\/\/www.fablab-sud31.fr\/index.php\/wp-json\/wp\/v2\/categories?post=266"},{"taxonomy":"post_tag","embeddable":true,"href":"https:\/\/www.fablab-sud31.fr\/index.php\/wp-json\/wp\/v2\/tags?post=266"}],"curies":[{"name":"wp","href":"https:\/\/api.w.org\/{rel}","templated":true}]}}