{"id":264,"date":"2013-09-09T18:21:05","date_gmt":"2013-09-09T16:21:05","guid":{"rendered":"https:\/\/www.fablab-sud31.fr\/wordpress\/?p=264"},"modified":"2018-09-22T20:03:29","modified_gmt":"2018-09-22T18:03:29","slug":"cest-la-rentree","status":"publish","type":"post","link":"https:\/\/www.fablab-sud31.fr\/index.php\/post\/2013\/09\/09\/cest-la-rentree","title":{"rendered":"C&rsquo;est la rentr\u00e9e"},"content":{"rendered":"<p>Et oui. Les vacances d&rsquo;\u00e9t\u00e9 sont termin\u00e9es, de m\u00eame pour la pause estivale. Il est donc temps de repartir \u00e0 la recherche d&rsquo;un local pour le Fab Lab.<\/p>\n<p>En revanche, que s&rsquo;est-il pass\u00e9 pendant l&rsquo;\u00e9t\u00e9\u00a0? Pas grand chose. Partant du principe que la plupart des gens sont en cong\u00e9s une partie de la p\u00e9riode, je me suis dit que j&rsquo;allais moi aussi me reposer un peu. Mais il y a quand m\u00eame quelques nouvelles:<\/p>\n<ul>\n<li><a href=\"https:\/\/www.fablab-sud31.fr\/index.php\/post\/2013\/06\/29\/du-positif-pour-une-fois\" hreflang=\"fr\">L&rsquo;espoir que j&rsquo;avais eu<\/a> pour la commune de Grazac ne s&rsquo;est pas concr\u00e9tis\u00e9. N&rsquo;ayant pas eu de retour, m\u00eame apr\u00e8s relance de ma part, j&rsquo;en ai d\u00e9duit que le local n&rsquo;\u00e9tait finalement pas disponible.<\/li>\n<li>Apr\u00e8s avoir contact\u00e9 une premi\u00e8re fois la <a href=\"http:\/\/www.cc-vallee-ariege.fr\/\" hreflang=\"fr\" class=\"external external_icon\" rel=\"nofollow\" target=\"_blank\">Communaut\u00e9 de Communes de la Vall\u00e9e de l&rsquo;Arri\u00e8ge<\/a> mi-juillet, et sans r\u00e9ponse de leur part, j&rsquo;ai relanc\u00e9 aujourd&rsquo;hui, en esp\u00e9rant \u00eatre plus chanceux cette fois-ci.<\/li>\n<li>De m\u00eame pour le <a href=\"http:\/\/www.club-aleva.com\/\" hreflang=\"fr\" class=\"external external_icon\" rel=\"nofollow\" target=\"_blank\">Club Aleva<\/a>\u00a0: le pr\u00e9sident doit me recontacter depuis mi-juillet, j&rsquo;attend encore\u2026 Donc il faut que je le relance.<\/li>\n<li>Ce matin, j&rsquo;ai fait une demande de rendez-vous aupr\u00e8s des communes de Mauressac et Grepiac, j&rsquo;attends donc leur r\u00e9ponse.<\/li>\n<li>Sinon, j&rsquo;ai \u00e9t\u00e9 contact\u00e9 pendant l&rsquo;\u00e9t\u00e9 par le responsable de <a href=\"http:\/\/lile.free.fr\/\" hreflang=\"fr\" class=\"external external_icon\" rel=\"nofollow\" target=\"_blank\">l&rsquo;Association l&rsquo;\u00cele<\/a> qui a le projet de d\u00e9velopper un Green Fab Lab de 400m2. Si jamais ma recherche de locaux fait chou blanc, ce Fab Lab restera donc une solution de repli.<\/li>\n<\/ul>\n","protected":false},"excerpt":{"rendered":"<p>Et oui. Les vacances d&rsquo;\u00e9t\u00e9 sont termin\u00e9es, de m\u00eame pour la pause estivale. Il est donc temps de repartir \u00e0 la recherche d&rsquo;un local pour le Fab Lab. En revanche, &hellip; <\/p>\n<p class=\"link-more\"><a href=\"https:\/\/www.fablab-sud31.fr\/index.php\/post\/2013\/09\/09\/cest-la-rentree\" class=\"more-link\">Continuer la lecture<span class=\"screen-reader-text\"> de &laquo;&nbsp;C&rsquo;est la rentr\u00e9e&nbsp;&raquo;<\/span><\/a><\/p>\n","protected":false},"author":1,"featured_media":0,"comment_status":"open","ping_status":"open","sticky":false,"template":"","format":"standard","meta":{"footnotes":""},"categories":[1],"tags":[],"class_list":["post-264","post","type-post","status-publish","format-standard","hentry","category-uncategorized"],"_links":{"self":[{"href":"https:\/\/www.fablab-sud31.fr\/index.php\/wp-json\/wp\/v2\/posts\/264","targetHints":{"allow":["GET"]}}],"collection":[{"href":"https:\/\/www.fablab-sud31.fr\/index.php\/wp-json\/wp\/v2\/posts"}],"about":[{"href":"https:\/\/www.fablab-sud31.fr\/index.php\/wp-json\/wp\/v2\/types\/post"}],"author":[{"embeddable":true,"href":"https:\/\/www.fablab-sud31.fr\/index.php\/wp-json\/wp\/v2\/users\/1"}],"replies":[{"embeddable":true,"href":"https:\/\/www.fablab-sud31.fr\/index.php\/wp-json\/wp\/v2\/comments?post=264"}],"version-history":[{"count":3,"href":"https:\/\/www.fablab-sud31.fr\/index.php\/wp-json\/wp\/v2\/posts\/264\/revisions"}],"predecessor-version":[{"id":1133,"href":"https:\/\/www.fablab-sud31.fr\/index.php\/wp-json\/wp\/v2\/posts\/264\/revisions\/1133"}],"wp:attachment":[{"href":"https:\/\/www.fablab-sud31.fr\/index.php\/wp-json\/wp\/v2\/media?parent=264"}],"wp:term":[{"taxonomy":"category","embeddable":true,"href":"https:\/\/www.fablab-sud31.fr\/index.php\/wp-json\/wp\/v2\/categories?post=264"},{"taxonomy":"post_tag","embeddable":true,"href":"https:\/\/www.fablab-sud31.fr\/index.php\/wp-json\/wp\/v2\/tags?post=264"}],"curies":[{"name":"wp","href":"https:\/\/api.w.org\/{rel}","templated":true}]}}