{"id":1266,"date":"2019-12-07T19:30:21","date_gmt":"2019-12-07T18:30:21","guid":{"rendered":"https:\/\/www.fablab-sud31.fr\/?p=1266"},"modified":"2019-12-07T19:30:21","modified_gmt":"2019-12-07T18:30:21","slug":"informations-pour-le-mois-de-decembre-2019","status":"publish","type":"post","link":"https:\/\/www.fablab-sud31.fr\/index.php\/post\/2019\/12\/07\/informations-pour-le-mois-de-decembre-2019","title":{"rendered":"Informations pour le mois de d\u00e9cembre 2019"},"content":{"rendered":"\n<p>Les f\u00eates de fin d&rsquo;ann\u00e9e approchent, avec leurs lots de cadeaux et autres indigestions \ud83d\ude42<br>Pour le fablab, cela signifie plusieurs choses.<br><br>Nous serons au March\u00e9 de No\u00ebl de Cintegabelle le dimanche 15 d\u00e9cembre. N&rsquo;h\u00e9sitez pas \u00e0 passer nous voir !<\/p>\n\n\n\n<div class=\"wp-block-image\"><figure class=\"aligncenter size-large is-resized\"><a href=\"https:\/\/www.fablab-sud31.fr\/wp-content\/uploads\/2019\/12\/marche_noel_2019-scaled.jpg\"><img loading=\"lazy\" decoding=\"async\" src=\"https:\/\/www.fablab-sud31.fr\/wp-content\/uploads\/2019\/12\/marche_noel_2019-724x1024.jpg\" alt=\"March\u00e9 de No\u00ebl Cintegabelle 2019\" class=\"wp-image-1267\" width=\"543\" height=\"768\" srcset=\"https:\/\/www.fablab-sud31.fr\/wp-content\/uploads\/2019\/12\/marche_noel_2019-724x1024.jpg 724w, https:\/\/www.fablab-sud31.fr\/wp-content\/uploads\/2019\/12\/marche_noel_2019-212x300.jpg 212w, https:\/\/www.fablab-sud31.fr\/wp-content\/uploads\/2019\/12\/marche_noel_2019-768x1087.jpg 768w, https:\/\/www.fablab-sud31.fr\/wp-content\/uploads\/2019\/12\/marche_noel_2019-1086x1536.jpg 1086w, https:\/\/www.fablab-sud31.fr\/wp-content\/uploads\/2019\/12\/marche_noel_2019-1447x2048.jpg 1447w, https:\/\/www.fablab-sud31.fr\/wp-content\/uploads\/2019\/12\/marche_noel_2019-scaled.jpg 1809w\" sizes=\"auto, (max-width: 543px) 100vw, 543px\" \/><\/a><\/figure><\/div>\n\n\n\n<p>Par ailleurs, nous serons ferm\u00e9s pour les vacances de No\u00ebl, du samedi 21 d\u00e9cembre au samedi 4 janvier compris.<\/p>\n\n\n\n<p>Et surtout, passez d&rsquo;excellentes f\u00eates de fin d&rsquo;ann\u00e9e !<\/p>\n","protected":false},"excerpt":{"rendered":"<p>Les f\u00eates de fin d&rsquo;ann\u00e9e approchent, avec leurs lots de cadeaux et autres indigestions \ud83d\ude42Pour le fablab, cela signifie plusieurs choses. Nous serons au March\u00e9 de No\u00ebl de Cintegabelle le &hellip; <\/p>\n<p class=\"link-more\"><a href=\"https:\/\/www.fablab-sud31.fr\/index.php\/post\/2019\/12\/07\/informations-pour-le-mois-de-decembre-2019\" class=\"more-link\">Continuer la lecture<span class=\"screen-reader-text\"> de &laquo;&nbsp;Informations pour le mois de d\u00e9cembre 2019&nbsp;&raquo;<\/span><\/a><\/p>\n","protected":false},"author":1,"featured_media":0,"comment_status":"open","ping_status":"open","sticky":false,"template":"","format":"standard","meta":{"footnotes":""},"categories":[1],"tags":[],"class_list":["post-1266","post","type-post","status-publish","format-standard","hentry","category-uncategorized"],"_links":{"self":[{"href":"https:\/\/www.fablab-sud31.fr\/index.php\/wp-json\/wp\/v2\/posts\/1266","targetHints":{"allow":["GET"]}}],"collection":[{"href":"https:\/\/www.fablab-sud31.fr\/index.php\/wp-json\/wp\/v2\/posts"}],"about":[{"href":"https:\/\/www.fablab-sud31.fr\/index.php\/wp-json\/wp\/v2\/types\/post"}],"author":[{"embeddable":true,"href":"https:\/\/www.fablab-sud31.fr\/index.php\/wp-json\/wp\/v2\/users\/1"}],"replies":[{"embeddable":true,"href":"https:\/\/www.fablab-sud31.fr\/index.php\/wp-json\/wp\/v2\/comments?post=1266"}],"version-history":[{"count":3,"href":"https:\/\/www.fablab-sud31.fr\/index.php\/wp-json\/wp\/v2\/posts\/1266\/revisions"}],"predecessor-version":[{"id":1270,"href":"https:\/\/www.fablab-sud31.fr\/index.php\/wp-json\/wp\/v2\/posts\/1266\/revisions\/1270"}],"wp:attachment":[{"href":"https:\/\/www.fablab-sud31.fr\/index.php\/wp-json\/wp\/v2\/media?parent=1266"}],"wp:term":[{"taxonomy":"category","embeddable":true,"href":"https:\/\/www.fablab-sud31.fr\/index.php\/wp-json\/wp\/v2\/categories?post=1266"},{"taxonomy":"post_tag","embeddable":true,"href":"https:\/\/www.fablab-sud31.fr\/index.php\/wp-json\/wp\/v2\/tags?post=1266"}],"curies":[{"name":"wp","href":"https:\/\/api.w.org\/{rel}","templated":true}]}}