{"id":1115,"date":"2018-08-27T06:56:43","date_gmt":"2018-08-27T04:56:43","guid":{"rendered":"https:\/\/www.fablab-sud31.fr\/?p=1115"},"modified":"2018-08-27T06:56:43","modified_gmt":"2018-08-27T04:56:43","slug":"reouverture-et-forum-des-associations-2018","status":"publish","type":"post","link":"https:\/\/www.fablab-sud31.fr\/index.php\/post\/2018\/08\/27\/reouverture-et-forum-des-associations-2018","title":{"rendered":"R\u00e9ouverture et forum des associations 2018"},"content":{"rendered":"<p>Les vacances se terminent, il est temps de se remettre dans le bain !<\/p>\n<p>Le samedi 1er septembre auront donc lieu :<\/p>\n<ul>\n<li>Le forum des association de Cintegabelle, de 10h \u00e0 13h, o\u00f9 nous serons pr\u00e9sents<\/li>\n<li>La r\u00e9ouverture du fablab \u00e0 partir de 14h<\/li>\n<\/ul>\n<p>Bref, passez nous voir \ud83d\ude42<\/p>\n","protected":false},"excerpt":{"rendered":"<p>Les vacances se terminent, il est temps de se remettre dans le bain ! Le samedi 1er septembre auront donc lieu : Le forum des association de Cintegabelle, de 10h &hellip; <\/p>\n<p class=\"link-more\"><a href=\"https:\/\/www.fablab-sud31.fr\/index.php\/post\/2018\/08\/27\/reouverture-et-forum-des-associations-2018\" class=\"more-link\">Continuer la lecture<span class=\"screen-reader-text\"> de &laquo;&nbsp;R\u00e9ouverture et forum des associations 2018&nbsp;&raquo;<\/span><\/a><\/p>\n","protected":false},"author":1,"featured_media":0,"comment_status":"open","ping_status":"open","sticky":false,"template":"","format":"standard","meta":{"footnotes":""},"categories":[1],"tags":[],"class_list":["post-1115","post","type-post","status-publish","format-standard","hentry","category-uncategorized"],"_links":{"self":[{"href":"https:\/\/www.fablab-sud31.fr\/index.php\/wp-json\/wp\/v2\/posts\/1115","targetHints":{"allow":["GET"]}}],"collection":[{"href":"https:\/\/www.fablab-sud31.fr\/index.php\/wp-json\/wp\/v2\/posts"}],"about":[{"href":"https:\/\/www.fablab-sud31.fr\/index.php\/wp-json\/wp\/v2\/types\/post"}],"author":[{"embeddable":true,"href":"https:\/\/www.fablab-sud31.fr\/index.php\/wp-json\/wp\/v2\/users\/1"}],"replies":[{"embeddable":true,"href":"https:\/\/www.fablab-sud31.fr\/index.php\/wp-json\/wp\/v2\/comments?post=1115"}],"version-history":[{"count":1,"href":"https:\/\/www.fablab-sud31.fr\/index.php\/wp-json\/wp\/v2\/posts\/1115\/revisions"}],"predecessor-version":[{"id":1116,"href":"https:\/\/www.fablab-sud31.fr\/index.php\/wp-json\/wp\/v2\/posts\/1115\/revisions\/1116"}],"wp:attachment":[{"href":"https:\/\/www.fablab-sud31.fr\/index.php\/wp-json\/wp\/v2\/media?parent=1115"}],"wp:term":[{"taxonomy":"category","embeddable":true,"href":"https:\/\/www.fablab-sud31.fr\/index.php\/wp-json\/wp\/v2\/categories?post=1115"},{"taxonomy":"post_tag","embeddable":true,"href":"https:\/\/www.fablab-sud31.fr\/index.php\/wp-json\/wp\/v2\/tags?post=1115"}],"curies":[{"name":"wp","href":"https:\/\/api.w.org\/{rel}","templated":true}]}}